{"id":983,"date":"2022-11-01T19:18:20","date_gmt":"2022-11-01T19:18:20","guid":{"rendered":"https:\/\/judetulmeuilfov.com\/?p=983"},"modified":"2022-12-07T19:19:01","modified_gmt":"2022-12-07T19:19:01","slug":"ultimele-teste-la-pasajul-domnesti","status":"publish","type":"post","link":"https:\/\/judetulmeuilfov.com\/index.php\/2022\/11\/01\/ultimele-teste-la-pasajul-domnesti\/","title":{"rendered":"Ultimele teste la pasajul Domne\u0219ti"},"content":{"rendered":"\n<p><\/p>\n\n\n\n<p>In data de  1 noiembrie a \u00eenceput \ud835\ude01\ud835\uddf2\ud835\ude00\ud835\ude01\ud835\uddee\ud835\uddff\ud835\uddf2\ud835\uddee \ud835\uddf6\ud835\uddf9\ud835\ude02\ud835\uddfa\ud835\uddf6\ud835\uddfb\ud835\uddee\ud835\ude01\ud835\ude02\ud835\uddf9\ud835\ude02\ud835\uddf6 \ud835\uddfd\ud835\ude02\ud835\uddef\ud835\uddf9\ud835\uddf6\ud835\uddf0 aferent pasajului din comuna Domne\u0219ti. Au fost monta\u021bi 256 st\u00e2lpi pentru iluminat public. Secretarului de Stat Irinel Scrio\u0219teanu \u00eenso\u021bit de primarul Adrian Ghi\u021b\u0103, ne-au prezentat ultimile informa\u021bii despre pasaj.<br>&#8221; Sistemul de iluminat este dotat cu telegestiune, care permite reglajul intensit\u0103\u021bii luminii \u00een func\u021bie de trafic, pentru a economisi la maximum energia electric\u0103. Toate l\u0103mpile sunt LED \u0219i consum\u0103 maximum 22 kWh.<br>De asemenea, au \u00eenceput \u0219i testele de \u00eencercare a suprastructurii pasajului, care reprezint\u0103 o metod\u0103 de verificare practic\u0103, \u00een care se urm\u0103re\u0219te determinarea comportamentului real al structurii prin \u00eencercare. \u00cencercarea pasajului se desf\u0103\u0219oar\u0103 \u00een dou\u0103 etape, dup\u0103 cum urmeaz\u0103:<br> \ud835\udddc\ud835\uddfb\ud835\uddf0\ud835\uddf2\ud835\uddff\ud835\uddf0\ud835\uddee\ud835\uddff\ud835\uddf2 \ud835\ude00\ud835\ude01\ud835\uddee\ud835\ude01\ud835\uddf6\ud835\uddf0\ud835\uddee, prin intermediul unui convoi de vehicule de mare tonaj, a c\u00e2te 28 tone fiecare. Pozi\u021bionarea camioanelor s-a f\u0103cut \u00een asa fel \u00eenc\u00e2t s\u0103 se realizeze echivalentul a 85% din \u00eenc\u0103rcarile frecvente din normele Eurocode, iar pentru o interpretare c\u00e2t mai corect\u0103 a rezultatelor, s-a folosit at\u00e2t c\u00e2te un camion pe banda de circula\u021bie, c\u00e2t \u0219i dou\u0103 camioane, aflate la o distan\u021b\u0103 de 7 metri.<br>\ud835\udddc\ud835\uddfb\ud835\uddf0\ud835\uddf2\ud835\uddff\ud835\uddf0\ud835\uddee\ud835\uddff\ud835\uddf2 \ud835\uddf1\ud835\uddf6\ud835\uddfb\ud835\uddee\ud835\uddfa\ud835\uddf6\ud835\uddf0\ud835\uddee, care se realizeaz\u0103 prin intermediul unui vehicul dispus pe centrul podului, care va rula cu o vitez\u0103 constant\u0103 de 30 km\/h, trec\u00e2nd peste obstacole preamplasate.&#8221;<br>Mai sunt c\u00e2teva zile pina vom circula pe pasajul a\u0219teptat de multe genera\u021bii.<\/p>\n","protected":false},"excerpt":{"rendered":"<p>In data de 1 noiembrie a \u00eenceput \ud835\ude01\ud835\uddf2\ud835\ude00\ud835\ude01\ud835\uddee\ud835\uddff\ud835\uddf2\ud835\uddee \ud835\uddf6\ud835\uddf9\ud835\ude02\ud835\uddfa\ud835\uddf6\ud835\uddfb\ud835\uddee\ud835\ude01\ud835\ude02\ud835\uddf9\ud835\ude02\ud835\uddf6 \ud835\uddfd\ud835\ude02\ud835\uddef\ud835\uddf9\ud835\uddf6\ud835\uddf0 aferent pasajului din comuna Domne\u0219ti. Au fost monta\u021bi 256 st\u00e2lpi<\/p>\n","protected":false},"author":1,"featured_media":984,"comment_status":"open","ping_status":"open","sticky":false,"template":"","format":"standard","meta":{"om_disable_all_campaigns":false,"_monsterinsights_skip_tracking":false,"_monsterinsights_sitenote_active":false,"_monsterinsights_sitenote_note":"","_monsterinsights_sitenote_category":0,"footnotes":""},"categories":[9],"tags":[],"class_list":["post-983","post","type-post","status-publish","format-standard","has-post-thumbnail","hentry","category-administratie"],"_links":{"self":[{"href":"https:\/\/judetulmeuilfov.com\/index.php\/wp-json\/wp\/v2\/posts\/983","targetHints":{"allow":["GET"]}}],"collection":[{"href":"https:\/\/judetulmeuilfov.com\/index.php\/wp-json\/wp\/v2\/posts"}],"about":[{"href":"https:\/\/judetulmeuilfov.com\/index.php\/wp-json\/wp\/v2\/types\/post"}],"author":[{"embeddable":true,"href":"https:\/\/judetulmeuilfov.com\/index.php\/wp-json\/wp\/v2\/users\/1"}],"replies":[{"embeddable":true,"href":"https:\/\/judetulmeuilfov.com\/index.php\/wp-json\/wp\/v2\/comments?post=983"}],"version-history":[{"count":1,"href":"https:\/\/judetulmeuilfov.com\/index.php\/wp-json\/wp\/v2\/posts\/983\/revisions"}],"predecessor-version":[{"id":985,"href":"https:\/\/judetulmeuilfov.com\/index.php\/wp-json\/wp\/v2\/posts\/983\/revisions\/985"}],"wp:featuredmedia":[{"embeddable":true,"href":"https:\/\/judetulmeuilfov.com\/index.php\/wp-json\/wp\/v2\/media\/984"}],"wp:attachment":[{"href":"https:\/\/judetulmeuilfov.com\/index.php\/wp-json\/wp\/v2\/media?parent=983"}],"wp:term":[{"taxonomy":"category","embeddable":true,"href":"https:\/\/judetulmeuilfov.com\/index.php\/wp-json\/wp\/v2\/categories?post=983"},{"taxonomy":"post_tag","embeddable":true,"href":"https:\/\/judetulmeuilfov.com\/index.php\/wp-json\/wp\/v2\/tags?post=983"}],"curies":[{"name":"wp","href":"https:\/\/api.w.org\/{rel}","templated":true}]}}