{"id":953,"date":"2022-10-06T06:41:11","date_gmt":"2022-10-06T06:41:11","guid":{"rendered":"https:\/\/judetulmeuilfov.com\/?p=953"},"modified":"2022-11-04T06:42:42","modified_gmt":"2022-11-04T06:42:42","slug":"ziua-mondiala-a-educatiei-la-domnesti","status":"publish","type":"post","link":"https:\/\/judetulmeuilfov.com\/index.php\/2022\/10\/06\/ziua-mondiala-a-educatiei-la-domnesti\/","title":{"rendered":"Ziua Mondial\u0103 a Educa\u021biei la Domne\u0219ti"},"content":{"rendered":"\n<p> Adrian Ghi\u021b\u0103, primarul comunei Domne\u0219ti dore\u0219te c\u0103 to\u021bi copiii din localitate s\u0103 beneficieze de educa\u021bie la cel mai \u00eenalt nivel. Este cunoscut interesul pentru educa\u021bia elevilor \u0219i faptul c\u0103 edilul face investi\u021bii \u00een tot ceea ce presupune asigurarea celor mai bune condi\u021bii pentru ca micu\u021bii s\u0103 \u00eenve\u021be bine. De Ziua Mondial\u0103 a Educa\u021biei primarul le-a mul\u021bumit tuturor cadrelor didactice care \u00ee\u0219i desf\u0103\u0219oar\u0103 activitatea in localitate \u0219i se ocup\u0103 de dezvoltarea copiilor care \u00eenva\u021b\u0103 \u00een \u0219coli. &#8221; Dasc\u0103lii, educatorii, \u00eenv\u0103\u021b\u0103torii \u0219i profesorii sunt ca o a doua pereche de p\u0103rin\u021bi pentru copii, ajut\u00e2ndu-i s\u0103 creasc\u0103 frumos, cu cuno\u015ftin\u021be \u0219i experien\u021be, \u0219i care, \u00eempreun\u0103 cu p\u0103rin\u021bii acestora, le formeaz\u0103 bazele educa\u021biei.<\/p>\n\n\n\n<p> \ud835\udc6b\ud835\udc93\ud835\udc82\ud835\udc88\ud835\udc8a \ud835\udc84\ud835\udc82\ud835\udc85\ud835\udc93\ud835\udc86 \ud835\udc85\ud835\udc8a\ud835\udc85\ud835\udc82\ud835\udc84\ud835\udc95\ud835\udc8a\ud835\udc84\ud835\udc86, \ud835\udc97\ud835\udc82 \ud835\udc8e\ud835\udc96\ud835\udc8d\ud835\udc95\ud835\udc96\ud835\udc8e\ud835\udc8a\ud835\udc8e \ud835\udc91\ud835\udc86\ud835\udc8f\ud835\udc95\ud835\udc93\ud835\udc96 \ud835\udc8a\ud835\udc8e\ud835\udc91\ud835\udc8d\ud835\udc8a\ud835\udc84\ud835\udc82\ud835\udc93\ud835\udc86\ud835\udc82 \ud835\udc8a\ud835\udc8f \ud835\udc84\ud835\udc93\ud835\udc86\ud835\udc94\ud835\udc95\ud835\udc86\ud835\udc93\ud835\udc86\ud835\udc82 \ud835\udc82\ud835\udc93\ud835\udc8e\ud835\udc90\ud835\udc8f\ud835\udc8a\ud835\udc90\ud835\udc82\ud835\udc94\ud835\udc82 \ud835\udc82 \ud835\udc84\ud835\udc90\ud835\udc91\ud835\udc8a\ud835\udc8a\ud835\udc8d\ud835\udc90\ud835\udc93 \ud835\udc8f\ud835\udc90\ud835\udc94\ud835\udc95\ud835\udc93\ud835\udc8a \ud835\udc94\ud835\udc8a \ud835\udc97\ud835\udc82 \ud835\udc82\ud835\udc91\ud835\udc93\ud835\udc86\ud835\udc84\ud835\udc8a\ud835\udc86\ud835\udc8e \ud835\udc91\ud835\udc86\ud835\udc8f\ud835\udc95\ud835\udc93\ud835\udc96 \ud835\udc95\ud835\udc90\ud835\udc82\ud835\udc95\ud835\udc86 \ud835\udc86\ud835\udc87\ud835\udc90\ud835\udc93\ud835\udc95\ud835\udc96\ud835\udc93\ud835\udc8a\ud835\udc8d\ud835\udc86 \ud835\udc85\ud835\udc86\ud835\udc91\ud835\udc96\ud835\udc94\ud835\udc86! Dumnezeu s\u0103 v\u0103 \u021bin\u0103 s\u0103n\u0103to\u0219i \u0219i s\u0103 v\u0103 binecuv\u00e2nteze pentru bun\u0103tatea voastr\u0103!&#8221; le-a transmis Adrian Ghi\u021b\u0103.<\/p>\n\n\n\n<figure class=\"wp-block-gallery has-nested-images columns-default is-cropped wp-block-gallery-1 is-layout-flex wp-block-gallery-is-layout-flex\">\n<figure class=\"wp-block-image size-large\"><img loading=\"lazy\" decoding=\"async\" width=\"940\" height=\"788\" data-id=\"954\" src=\"https:\/\/judetulmeuilfov.com\/wp-content\/uploads\/2022\/11\/228d7946-4f79-4c50-987b-c63ab9a305c5.jpg\" alt=\"\" class=\"wp-image-954\" srcset=\"https:\/\/judetulmeuilfov.com\/wp-content\/uploads\/2022\/11\/228d7946-4f79-4c50-987b-c63ab9a305c5.jpg 940w, https:\/\/judetulmeuilfov.com\/wp-content\/uploads\/2022\/11\/228d7946-4f79-4c50-987b-c63ab9a305c5-300x251.jpg 300w, https:\/\/judetulmeuilfov.com\/wp-content\/uploads\/2022\/11\/228d7946-4f79-4c50-987b-c63ab9a305c5-768x644.jpg 768w\" sizes=\"auto, (max-width: 940px) 100vw, 940px\" \/><\/figure>\n<\/figure>\n","protected":false},"excerpt":{"rendered":"<p>Adrian Ghi\u021b\u0103, primarul comunei Domne\u0219ti dore\u0219te c\u0103 to\u021bi copiii din localitate s\u0103 beneficieze de educa\u021bie la cel mai \u00eenalt nivel.<\/p>\n","protected":false},"author":1,"featured_media":954,"comment_status":"open","ping_status":"open","sticky":false,"template":"","format":"standard","meta":{"om_disable_all_campaigns":false,"_monsterinsights_skip_tracking":false,"_monsterinsights_sitenote_active":false,"_monsterinsights_sitenote_note":"","_monsterinsights_sitenote_category":0,"footnotes":""},"categories":[4],"tags":[],"class_list":["post-953","post","type-post","status-publish","format-standard","has-post-thumbnail","hentry","category-diverse"],"_links":{"self":[{"href":"https:\/\/judetulmeuilfov.com\/index.php\/wp-json\/wp\/v2\/posts\/953","targetHints":{"allow":["GET"]}}],"collection":[{"href":"https:\/\/judetulmeuilfov.com\/index.php\/wp-json\/wp\/v2\/posts"}],"about":[{"href":"https:\/\/judetulmeuilfov.com\/index.php\/wp-json\/wp\/v2\/types\/post"}],"author":[{"embeddable":true,"href":"https:\/\/judetulmeuilfov.com\/index.php\/wp-json\/wp\/v2\/users\/1"}],"replies":[{"embeddable":true,"href":"https:\/\/judetulmeuilfov.com\/index.php\/wp-json\/wp\/v2\/comments?post=953"}],"version-history":[{"count":1,"href":"https:\/\/judetulmeuilfov.com\/index.php\/wp-json\/wp\/v2\/posts\/953\/revisions"}],"predecessor-version":[{"id":955,"href":"https:\/\/judetulmeuilfov.com\/index.php\/wp-json\/wp\/v2\/posts\/953\/revisions\/955"}],"wp:featuredmedia":[{"embeddable":true,"href":"https:\/\/judetulmeuilfov.com\/index.php\/wp-json\/wp\/v2\/media\/954"}],"wp:attachment":[{"href":"https:\/\/judetulmeuilfov.com\/index.php\/wp-json\/wp\/v2\/media?parent=953"}],"wp:term":[{"taxonomy":"category","embeddable":true,"href":"https:\/\/judetulmeuilfov.com\/index.php\/wp-json\/wp\/v2\/categories?post=953"},{"taxonomy":"post_tag","embeddable":true,"href":"https:\/\/judetulmeuilfov.com\/index.php\/wp-json\/wp\/v2\/tags?post=953"}],"curies":[{"name":"wp","href":"https:\/\/api.w.org\/{rel}","templated":true}]}}