{"id":899,"date":"2022-08-24T06:53:43","date_gmt":"2022-08-24T06:53:43","guid":{"rendered":"https:\/\/judetulmeuilfov.com\/?p=899"},"modified":"2022-09-08T06:54:14","modified_gmt":"2022-09-08T06:54:14","slug":"generatia-de-aur-la-domnesti","status":"publish","type":"post","link":"https:\/\/judetulmeuilfov.com\/index.php\/2022\/08\/24\/generatia-de-aur-la-domnesti\/","title":{"rendered":"\u201dGenera\u021bia de Aur\u201d,  la Domne\u0219ti"},"content":{"rendered":"\n<p><\/p>\n\n\n\n<p>\u201dGenera\u021bia de aur \u2013 50 ani de c\u0103s\u0103torie\u201d un eveniment organizat de administra\u021bia local\u0103 din Domne\u0219ti care apreciaz\u0103 sentimentul de iubire trainic\u0103, bazat\u0103 pe respect \u0219i armonie.<br>Primarul Adrian Ghi\u021b\u0103 a primit \u00een 24 august la sediul prim\u0103riei, cuplurile de genera\u021bia a 3-a, cu ocazia anivers\u0103rii a 50 ani de la c\u0103s\u0103torie \u2013 Nunta de aur, c\u0103rora le-a adus omagiu \u0219i recuno\u0219tin\u021b\u0103 intr-un cadru festiv.<br>&#8221; Cu jum\u0103tate de secol \u00een urm\u0103, \u00een anul 1972, zeci de tineri din comuna noastr\u0103 \u0219i-au unit destinele cu credin\u021b\u0103 \u0219i iubire \u00een fa\u021ba Bunului Dumnezeu, pun\u00e2nd bazele a peste 30 familii.<br>La mul\u021bi ani, s\u0103 v\u0103 ocroteasc\u0103 Dumnezeu de cele rele \u0219i s\u0103 r\u0103m\u00e2ne\u021bi s\u0103n\u0103to\u0219i!&#8221; Le-a transmis edilul.<\/p>\n\n\n\n<figure class=\"wp-block-gallery has-nested-images columns-default is-cropped wp-block-gallery-1 is-layout-flex wp-block-gallery-is-layout-flex\">\n<figure class=\"wp-block-image size-large\"><img loading=\"lazy\" decoding=\"async\" width=\"897\" height=\"897\" data-id=\"902\" src=\"https:\/\/judetulmeuilfov.com\/wp-content\/uploads\/2022\/09\/gen-aur-domnest1.jpg\" alt=\"\" class=\"wp-image-902\" srcset=\"https:\/\/judetulmeuilfov.com\/wp-content\/uploads\/2022\/09\/gen-aur-domnest1.jpg 897w, https:\/\/judetulmeuilfov.com\/wp-content\/uploads\/2022\/09\/gen-aur-domnest1-300x300.jpg 300w, https:\/\/judetulmeuilfov.com\/wp-content\/uploads\/2022\/09\/gen-aur-domnest1-150x150.jpg 150w, https:\/\/judetulmeuilfov.com\/wp-content\/uploads\/2022\/09\/gen-aur-domnest1-768x768.jpg 768w\" sizes=\"auto, (max-width: 897px) 100vw, 897px\" \/><\/figure>\n\n\n\n<figure class=\"wp-block-image size-large\"><img loading=\"lazy\" decoding=\"async\" width=\"1016\" height=\"1016\" data-id=\"901\" src=\"https:\/\/judetulmeuilfov.com\/wp-content\/uploads\/2022\/09\/gen-aur-domnesti2-1.jpg\" alt=\"\" class=\"wp-image-901\" srcset=\"https:\/\/judetulmeuilfov.com\/wp-content\/uploads\/2022\/09\/gen-aur-domnesti2-1.jpg 1016w, https:\/\/judetulmeuilfov.com\/wp-content\/uploads\/2022\/09\/gen-aur-domnesti2-1-300x300.jpg 300w, https:\/\/judetulmeuilfov.com\/wp-content\/uploads\/2022\/09\/gen-aur-domnesti2-1-150x150.jpg 150w, https:\/\/judetulmeuilfov.com\/wp-content\/uploads\/2022\/09\/gen-aur-domnesti2-1-768x768.jpg 768w\" sizes=\"auto, (max-width: 1016px) 100vw, 1016px\" \/><\/figure>\n<\/figure>\n","protected":false},"excerpt":{"rendered":"<p>\u201dGenera\u021bia de aur \u2013 50 ani de c\u0103s\u0103torie\u201d un eveniment organizat de administra\u021bia local\u0103 din Domne\u0219ti care apreciaz\u0103 sentimentul de<\/p>\n","protected":false},"author":1,"featured_media":900,"comment_status":"open","ping_status":"open","sticky":false,"template":"","format":"standard","meta":{"om_disable_all_campaigns":false,"_monsterinsights_skip_tracking":false,"_monsterinsights_sitenote_active":false,"_monsterinsights_sitenote_note":"","_monsterinsights_sitenote_category":0,"footnotes":""},"categories":[9],"tags":[],"class_list":["post-899","post","type-post","status-publish","format-standard","has-post-thumbnail","hentry","category-administratie"],"_links":{"self":[{"href":"https:\/\/judetulmeuilfov.com\/index.php\/wp-json\/wp\/v2\/posts\/899","targetHints":{"allow":["GET"]}}],"collection":[{"href":"https:\/\/judetulmeuilfov.com\/index.php\/wp-json\/wp\/v2\/posts"}],"about":[{"href":"https:\/\/judetulmeuilfov.com\/index.php\/wp-json\/wp\/v2\/types\/post"}],"author":[{"embeddable":true,"href":"https:\/\/judetulmeuilfov.com\/index.php\/wp-json\/wp\/v2\/users\/1"}],"replies":[{"embeddable":true,"href":"https:\/\/judetulmeuilfov.com\/index.php\/wp-json\/wp\/v2\/comments?post=899"}],"version-history":[{"count":1,"href":"https:\/\/judetulmeuilfov.com\/index.php\/wp-json\/wp\/v2\/posts\/899\/revisions"}],"predecessor-version":[{"id":903,"href":"https:\/\/judetulmeuilfov.com\/index.php\/wp-json\/wp\/v2\/posts\/899\/revisions\/903"}],"wp:featuredmedia":[{"embeddable":true,"href":"https:\/\/judetulmeuilfov.com\/index.php\/wp-json\/wp\/v2\/media\/900"}],"wp:attachment":[{"href":"https:\/\/judetulmeuilfov.com\/index.php\/wp-json\/wp\/v2\/media?parent=899"}],"wp:term":[{"taxonomy":"category","embeddable":true,"href":"https:\/\/judetulmeuilfov.com\/index.php\/wp-json\/wp\/v2\/categories?post=899"},{"taxonomy":"post_tag","embeddable":true,"href":"https:\/\/judetulmeuilfov.com\/index.php\/wp-json\/wp\/v2\/tags?post=899"}],"curies":[{"name":"wp","href":"https:\/\/api.w.org\/{rel}","templated":true}]}}