{"id":858,"date":"2022-06-02T07:58:43","date_gmt":"2022-06-02T07:58:43","guid":{"rendered":"https:\/\/judetulmeuilfov.com\/?p=858"},"modified":"2022-07-07T07:59:19","modified_gmt":"2022-07-07T07:59:19","slug":"ziua-eroilor-comemorata-la-domnesti","status":"publish","type":"post","link":"https:\/\/judetulmeuilfov.com\/index.php\/2022\/06\/02\/ziua-eroilor-comemorata-la-domnesti\/","title":{"rendered":"Ziua Eroilor comemorat\u0103 la Domne\u0219ti"},"content":{"rendered":"\n<p><\/p>\n\n\n\n<p>Adrian Ghi\u021b\u0103 primarul comunei Domne\u0219ti \u00eempreun\u0103 cu consilierii locali au comemorat eroii c\u0103zu\u021bi pe front \u00een lupta pentru integritatea \u0219i libertatea \u021b\u0103rii noastre, prin depunerea unor coroane \u0219i flori \u00een semn de recuno\u0219tin\u021b\u0103 \u0219i apreciere pentru cei cazuti la datorie \u00een 2 iunie.<br>Evenimentul a avut loc la Cimitirul Eroilor din Parohia Izvorului T\u0103m\u0103duirii \u0219i la Troi\u021ba, monumentul din vatra satului. Al\u0103turi de oficiali au mai participat un sobor de preo\u021bi, cet\u0103\u021beni \u0219i Corul \u0218colii Gimnaziale.<br>Edilul a declarat :<br>&#8222;Este responsabilitatea noastr\u0103 s\u0103 p\u0103str\u0103m tradi\u021bia comemor\u0103rii eroilor neamului nostru, ar\u0103t\u00e2nd astfel c\u0103 sacrificiul lor pentru noi nu a fost \u00een zadar \u0219i mai mult, c\u0103 le urm\u0103m exemplul de curaj \u0219i de datorie, \u00een oricare circumstan\u021be suntem supu\u0219i&#8221;.<\/p>\n\n\n\n<p>Dumnezeu s\u0103 \u00eei odihneasc\u0103!<\/p>\n","protected":false},"excerpt":{"rendered":"<p>Adrian Ghi\u021b\u0103 primarul comunei Domne\u0219ti \u00eempreun\u0103 cu consilierii locali au comemorat eroii c\u0103zu\u021bi pe front \u00een lupta pentru integritatea \u0219i<\/p>\n","protected":false},"author":1,"featured_media":859,"comment_status":"open","ping_status":"open","sticky":false,"template":"","format":"standard","meta":{"om_disable_all_campaigns":false,"_monsterinsights_skip_tracking":false,"_monsterinsights_sitenote_active":false,"_monsterinsights_sitenote_note":"","_monsterinsights_sitenote_category":0,"footnotes":""},"categories":[9],"tags":[],"class_list":["post-858","post","type-post","status-publish","format-standard","has-post-thumbnail","hentry","category-administratie"],"_links":{"self":[{"href":"https:\/\/judetulmeuilfov.com\/index.php\/wp-json\/wp\/v2\/posts\/858","targetHints":{"allow":["GET"]}}],"collection":[{"href":"https:\/\/judetulmeuilfov.com\/index.php\/wp-json\/wp\/v2\/posts"}],"about":[{"href":"https:\/\/judetulmeuilfov.com\/index.php\/wp-json\/wp\/v2\/types\/post"}],"author":[{"embeddable":true,"href":"https:\/\/judetulmeuilfov.com\/index.php\/wp-json\/wp\/v2\/users\/1"}],"replies":[{"embeddable":true,"href":"https:\/\/judetulmeuilfov.com\/index.php\/wp-json\/wp\/v2\/comments?post=858"}],"version-history":[{"count":1,"href":"https:\/\/judetulmeuilfov.com\/index.php\/wp-json\/wp\/v2\/posts\/858\/revisions"}],"predecessor-version":[{"id":860,"href":"https:\/\/judetulmeuilfov.com\/index.php\/wp-json\/wp\/v2\/posts\/858\/revisions\/860"}],"wp:featuredmedia":[{"embeddable":true,"href":"https:\/\/judetulmeuilfov.com\/index.php\/wp-json\/wp\/v2\/media\/859"}],"wp:attachment":[{"href":"https:\/\/judetulmeuilfov.com\/index.php\/wp-json\/wp\/v2\/media?parent=858"}],"wp:term":[{"taxonomy":"category","embeddable":true,"href":"https:\/\/judetulmeuilfov.com\/index.php\/wp-json\/wp\/v2\/categories?post=858"},{"taxonomy":"post_tag","embeddable":true,"href":"https:\/\/judetulmeuilfov.com\/index.php\/wp-json\/wp\/v2\/tags?post=858"}],"curies":[{"name":"wp","href":"https:\/\/api.w.org\/{rel}","templated":true}]}}