{"id":758,"date":"2022-01-12T07:08:06","date_gmt":"2022-01-12T07:08:06","guid":{"rendered":"https:\/\/judetulmeuilfov.com\/?p=758"},"modified":"2022-02-03T07:08:46","modified_gmt":"2022-02-03T07:08:46","slug":"colectarea-selectiva-a-deseurilor-din-gospodarii-prioritara-pentru-administratia-comunei-domnesti","status":"publish","type":"post","link":"https:\/\/judetulmeuilfov.com\/index.php\/2022\/01\/12\/colectarea-selectiva-a-deseurilor-din-gospodarii-prioritara-pentru-administratia-comunei-domnesti\/","title":{"rendered":"Colectarea selectiv\u0103 a de\u0219eurilor din gospod\u0103rii, prioritar\u0103 pentru administra\u021bia  comunei Domne\u0219ti"},"content":{"rendered":"\n<p>Primaria comunei Domne\u0219ti acord\u0103 o aten\u021bie deosebit\u0103 componentei de  protec\u021bie a mediului. Prin urmare, la inceputul acestui an, a fost lansat\u0103 o campanie de informare a popula\u021biei, cu privire la colectarea selectiv\u0103 a de\u0219eurilor din gospd\u0103rii. O colectare selectiv\u0103 c\u00e2t mai eficient\u0103 aduce rezultate pozitive  printr-un mediu mai curat, dar \u0219i prin reducerea cantit\u0103\u021bilor de gunoi menajer.<\/p>\n\n\n\n<figure class=\"wp-block-gallery has-nested-images columns-default is-cropped wp-block-gallery-1 is-layout-flex wp-block-gallery-is-layout-flex\">\n<figure class=\"wp-block-image size-large\"><img loading=\"lazy\" decoding=\"async\" width=\"1011\" height=\"679\" data-id=\"760\" src=\"https:\/\/judetulmeuilfov.com\/wp-content\/uploads\/2022\/02\/mediu-domnesti-1.png\" alt=\"\" class=\"wp-image-760\" srcset=\"https:\/\/judetulmeuilfov.com\/wp-content\/uploads\/2022\/02\/mediu-domnesti-1.png 1011w, https:\/\/judetulmeuilfov.com\/wp-content\/uploads\/2022\/02\/mediu-domnesti-1-300x201.png 300w, https:\/\/judetulmeuilfov.com\/wp-content\/uploads\/2022\/02\/mediu-domnesti-1-768x516.png 768w\" sizes=\"auto, (max-width: 1011px) 100vw, 1011px\" \/><\/figure>\n<\/figure>\n","protected":false},"excerpt":{"rendered":"<p>Primaria comunei Domne\u0219ti acord\u0103 o aten\u021bie deosebit\u0103 componentei de protec\u021bie a mediului. Prin urmare, la inceputul acestui an, a fost<\/p>\n","protected":false},"author":1,"featured_media":759,"comment_status":"open","ping_status":"open","sticky":false,"template":"","format":"standard","meta":{"om_disable_all_campaigns":false,"_monsterinsights_skip_tracking":false,"_monsterinsights_sitenote_active":false,"_monsterinsights_sitenote_note":"","_monsterinsights_sitenote_category":0,"footnotes":""},"categories":[9],"tags":[],"class_list":["post-758","post","type-post","status-publish","format-standard","has-post-thumbnail","hentry","category-administratie"],"_links":{"self":[{"href":"https:\/\/judetulmeuilfov.com\/index.php\/wp-json\/wp\/v2\/posts\/758","targetHints":{"allow":["GET"]}}],"collection":[{"href":"https:\/\/judetulmeuilfov.com\/index.php\/wp-json\/wp\/v2\/posts"}],"about":[{"href":"https:\/\/judetulmeuilfov.com\/index.php\/wp-json\/wp\/v2\/types\/post"}],"author":[{"embeddable":true,"href":"https:\/\/judetulmeuilfov.com\/index.php\/wp-json\/wp\/v2\/users\/1"}],"replies":[{"embeddable":true,"href":"https:\/\/judetulmeuilfov.com\/index.php\/wp-json\/wp\/v2\/comments?post=758"}],"version-history":[{"count":1,"href":"https:\/\/judetulmeuilfov.com\/index.php\/wp-json\/wp\/v2\/posts\/758\/revisions"}],"predecessor-version":[{"id":761,"href":"https:\/\/judetulmeuilfov.com\/index.php\/wp-json\/wp\/v2\/posts\/758\/revisions\/761"}],"wp:featuredmedia":[{"embeddable":true,"href":"https:\/\/judetulmeuilfov.com\/index.php\/wp-json\/wp\/v2\/media\/759"}],"wp:attachment":[{"href":"https:\/\/judetulmeuilfov.com\/index.php\/wp-json\/wp\/v2\/media?parent=758"}],"wp:term":[{"taxonomy":"category","embeddable":true,"href":"https:\/\/judetulmeuilfov.com\/index.php\/wp-json\/wp\/v2\/categories?post=758"},{"taxonomy":"post_tag","embeddable":true,"href":"https:\/\/judetulmeuilfov.com\/index.php\/wp-json\/wp\/v2\/tags?post=758"}],"curies":[{"name":"wp","href":"https:\/\/api.w.org\/{rel}","templated":true}]}}