{"id":697,"date":"2021-12-10T08:17:22","date_gmt":"2021-12-10T08:17:22","guid":{"rendered":"https:\/\/judetulmeuilfov.com\/?p=697"},"modified":"2022-01-04T08:18:00","modified_gmt":"2022-01-04T08:18:00","slug":"tablierul-metalic-al-pasajului-domnesti-a-fost-finalizat","status":"publish","type":"post","link":"https:\/\/judetulmeuilfov.com\/index.php\/2021\/12\/10\/tablierul-metalic-al-pasajului-domnesti-a-fost-finalizat\/","title":{"rendered":"Tablierul metalic al pasajului Domne\u0219ti a fost finalizat"},"content":{"rendered":"\n<p>Pasajul de la Domnesti prinde contur pe zi ce trece.<br>In 8 decembrie a \u00eenceput recep\u021bia preliminar\u0103 a tablierului metalic al acestui pasaj. \ud835\udde6\ud835\ude01\ud835\uddff\ud835\ude02\ud835\uddf0\ud835\ude01\ud835\ude02\ud835\uddff\ud835\uddee \ud835\uddfa\ud835\uddf2\ud835\ude01\ud835\uddee\ud835\uddf9\ud835\uddf6\ud835\uddf0\ud835\uddee \ud835\uddee \ud835\uddf6\ud835\uddfb\ud835\ude01\ud835\uddff\ud835\uddf2\ud835\uddf4\ud835\ude02\ud835\uddf9\ud835\ude02\ud835\uddf6 \ud835\ude01\ud835\uddee\ud835\uddef\ud835\uddf9\ud835\uddf6\ud835\uddf2\ud835\uddff \ud835\uddee\ud835\uddff\ud835\uddf2 \ud835\udfee.\ud835\udfee\ud835\udff3\ud835\udff1 \ud835\ude01\ud835\uddfc\ud835\uddfb\ud835\uddf2 \u0219i este compus\u0103, \u00een principal, din 316 lonjeroane, 142 de antretoaze \u0219i 24 de grinzi principale.<br>Primarul Adrian Ghi\u021b\u0103 \u0219i secretarul de stat Irinel Scrio\u0219teanu au f\u0103cut vizita regulata pe \u0219antier \u0219i au declarat :<br>&#8221; La rampa de cobor\u00e2re spre Bucure\u0219ti, s-au finalizat armarea, cofrarea \u0219i turnarea pl\u0103cii de supra-betonare, continu\u0103 montarea elementelor prefabricate \u0219i a\u0219ternerea straturilor succesive de balast.<br>S-a finalizat montarea predalelor la rampa de urcare dinspre Bucure\u0219ti \u0219i a \u00eenceput montarea arm\u0103turii necesare realiz\u0103rii pl\u0103cii de supra-betonare.<br>Continu\u0103 montarea grinzii de coronament aferent\u0103 rampei de cobor\u00e2re spre Bragadiru \u0219i a \u00eenceput realizarea arm\u0103turii pentru trotuarul aferent acestei rampe.<br>Continu\u0103 montarea elementelor prefabricate la zidurile de sprijin la rampa de urcare dinspre Bragadiru \u0219i la rampa de urcare dinspre Chiajna.<br>Continu\u0103 relocarea re\u021belelor de utilit\u0103\u021bi, precum \u0219i realizarea re\u021belei de canalizare pluvial\u0103 \u0219i a re\u021belei de iluminat public&#8221;. <\/p>\n","protected":false},"excerpt":{"rendered":"<p>Pasajul de la Domnesti prinde contur pe zi ce trece.In 8 decembrie a \u00eenceput recep\u021bia preliminar\u0103 a tablierului metalic al<\/p>\n","protected":false},"author":1,"featured_media":686,"comment_status":"open","ping_status":"open","sticky":false,"template":"","format":"standard","meta":{"om_disable_all_campaigns":false,"_monsterinsights_skip_tracking":false,"_monsterinsights_sitenote_active":false,"_monsterinsights_sitenote_note":"","_monsterinsights_sitenote_category":0,"footnotes":""},"categories":[9],"tags":[],"class_list":["post-697","post","type-post","status-publish","format-standard","has-post-thumbnail","hentry","category-administratie"],"_links":{"self":[{"href":"https:\/\/judetulmeuilfov.com\/index.php\/wp-json\/wp\/v2\/posts\/697","targetHints":{"allow":["GET"]}}],"collection":[{"href":"https:\/\/judetulmeuilfov.com\/index.php\/wp-json\/wp\/v2\/posts"}],"about":[{"href":"https:\/\/judetulmeuilfov.com\/index.php\/wp-json\/wp\/v2\/types\/post"}],"author":[{"embeddable":true,"href":"https:\/\/judetulmeuilfov.com\/index.php\/wp-json\/wp\/v2\/users\/1"}],"replies":[{"embeddable":true,"href":"https:\/\/judetulmeuilfov.com\/index.php\/wp-json\/wp\/v2\/comments?post=697"}],"version-history":[{"count":1,"href":"https:\/\/judetulmeuilfov.com\/index.php\/wp-json\/wp\/v2\/posts\/697\/revisions"}],"predecessor-version":[{"id":698,"href":"https:\/\/judetulmeuilfov.com\/index.php\/wp-json\/wp\/v2\/posts\/697\/revisions\/698"}],"wp:featuredmedia":[{"embeddable":true,"href":"https:\/\/judetulmeuilfov.com\/index.php\/wp-json\/wp\/v2\/media\/686"}],"wp:attachment":[{"href":"https:\/\/judetulmeuilfov.com\/index.php\/wp-json\/wp\/v2\/media?parent=697"}],"wp:term":[{"taxonomy":"category","embeddable":true,"href":"https:\/\/judetulmeuilfov.com\/index.php\/wp-json\/wp\/v2\/categories?post=697"},{"taxonomy":"post_tag","embeddable":true,"href":"https:\/\/judetulmeuilfov.com\/index.php\/wp-json\/wp\/v2\/tags?post=697"}],"curies":[{"name":"wp","href":"https:\/\/api.w.org\/{rel}","templated":true}]}}