{"id":668,"date":"2021-12-16T07:54:43","date_gmt":"2021-12-16T07:54:43","guid":{"rendered":"https:\/\/judetulmeuilfov.com\/?p=668"},"modified":"2021-12-30T07:56:20","modified_gmt":"2021-12-30T07:56:20","slug":"scoala-gimnaziala-nr-1-pantelimon-primeste-tablete-si-echipamente-noi-pentru-uz-scolar","status":"publish","type":"post","link":"https:\/\/judetulmeuilfov.com\/index.php\/2021\/12\/16\/scoala-gimnaziala-nr-1-pantelimon-primeste-tablete-si-echipamente-noi-pentru-uz-scolar\/","title":{"rendered":"\u0218coala Gimnazial\u0103 Nr 1 Pantelimon prime\u0219te tablete \u0219i echipamente noi pentru uz \u0219colar"},"content":{"rendered":"\n<p><\/p>\n\n\n\n<p>Cererea de finan\u021bare din fonduri europene, prin Programul Opera\u021bional Competitivitate, a proiectului depus de ora\u0219ul nostru: \u201dDesf\u0103\u0219urarea \u00een bune condi\u021bii a serviciului public de educa\u021bie \u00een mediul online pentru anul \u0219colar 2021-2022 la \u0218coala Gimnazial\u0103 nr. 1 din Ora\u0219ul Pantelimon, jude\u021bul Ilfov\u201d a fost aprobat\u0103.Pentru c\u0103 primarul Marian Ivan \u00ee\u0219i dore\u0219te pentru to\u021bi elevii condi\u021bii optime de \u00eenv\u0103\u021bat \u00eempreun\u0103 cu Consiliul local vor achizi\u021biona in cadrul proiectului:<br>&#8211; 1500 tablete de uz \u0219cola cu acces la internet pentru 24 de luni pentru 1500 elevi<br>&#8211; 155 de laptopuri pentru profesori \u0219i s\u0103lile de clas\u0103<br>&#8211; 55 de tablete interactive pentru s\u0103lile de clas\u0103<br>&#8211; 55 de camere web pentru s\u0103lile de clas\u0103<br>&#8211; 2 camere web de conferin\u021be<br>&#8211; sistem management dispozitive: 1767 buc.<br>&#8222;Este un proiect necesar pentru elevii \u0219i profesorii din ora\u0219ul nostru, pentru a beneficia de toate echipamentele \u0219i dispozitivele necesare desf\u0103\u0219ur\u0103rii activit\u0103\u021bii didactive \u00een sistem online sau la distan\u021b\u0103&#8221; a precizat edilul.<\/p>\n","protected":false},"excerpt":{"rendered":"<p>Cererea de finan\u021bare din fonduri europene, prin Programul Opera\u021bional Competitivitate, a proiectului depus de ora\u0219ul nostru: \u201dDesf\u0103\u0219urarea \u00een bune condi\u021bii<\/p>\n","protected":false},"author":1,"featured_media":669,"comment_status":"open","ping_status":"open","sticky":false,"template":"","format":"standard","meta":{"om_disable_all_campaigns":false,"_monsterinsights_skip_tracking":false,"_monsterinsights_sitenote_active":false,"_monsterinsights_sitenote_note":"","_monsterinsights_sitenote_category":0,"footnotes":""},"categories":[9],"tags":[],"class_list":["post-668","post","type-post","status-publish","format-standard","has-post-thumbnail","hentry","category-administratie"],"_links":{"self":[{"href":"https:\/\/judetulmeuilfov.com\/index.php\/wp-json\/wp\/v2\/posts\/668","targetHints":{"allow":["GET"]}}],"collection":[{"href":"https:\/\/judetulmeuilfov.com\/index.php\/wp-json\/wp\/v2\/posts"}],"about":[{"href":"https:\/\/judetulmeuilfov.com\/index.php\/wp-json\/wp\/v2\/types\/post"}],"author":[{"embeddable":true,"href":"https:\/\/judetulmeuilfov.com\/index.php\/wp-json\/wp\/v2\/users\/1"}],"replies":[{"embeddable":true,"href":"https:\/\/judetulmeuilfov.com\/index.php\/wp-json\/wp\/v2\/comments?post=668"}],"version-history":[{"count":1,"href":"https:\/\/judetulmeuilfov.com\/index.php\/wp-json\/wp\/v2\/posts\/668\/revisions"}],"predecessor-version":[{"id":670,"href":"https:\/\/judetulmeuilfov.com\/index.php\/wp-json\/wp\/v2\/posts\/668\/revisions\/670"}],"wp:featuredmedia":[{"embeddable":true,"href":"https:\/\/judetulmeuilfov.com\/index.php\/wp-json\/wp\/v2\/media\/669"}],"wp:attachment":[{"href":"https:\/\/judetulmeuilfov.com\/index.php\/wp-json\/wp\/v2\/media?parent=668"}],"wp:term":[{"taxonomy":"category","embeddable":true,"href":"https:\/\/judetulmeuilfov.com\/index.php\/wp-json\/wp\/v2\/categories?post=668"},{"taxonomy":"post_tag","embeddable":true,"href":"https:\/\/judetulmeuilfov.com\/index.php\/wp-json\/wp\/v2\/tags?post=668"}],"curies":[{"name":"wp","href":"https:\/\/api.w.org\/{rel}","templated":true}]}}