{"id":243,"date":"2021-07-30T07:16:36","date_gmt":"2021-07-30T07:16:36","guid":{"rendered":"https:\/\/judetulmeuilfov.com\/?p=243"},"modified":"2021-08-02T07:34:14","modified_gmt":"2021-08-02T07:34:14","slug":"gradinita-cu-program-prelungit-la-balotesti","status":"publish","type":"post","link":"https:\/\/judetulmeuilfov.com\/index.php\/2021\/07\/30\/gradinita-cu-program-prelungit-la-balotesti\/","title":{"rendered":"Gr\u0103dini\u021b\u0103 cu program prelungit la Balote\u0219ti"},"content":{"rendered":"\n<p><\/p>\n\n\n\n<p>Pretorian Cristian \u0218tefan \u00eempreun\u0103 cu Consiliul local al comunei Balote\u0219ti au propus pentru urm\u0103toarea \u0219edin\u021ba de consiliu votarea unui proiect vital pentru localitatea pe care o p\u0103store\u0219te.<br>Deoarece num\u0103rul copiilor pre\u0219colari care au nevoie de program prelungit a crescut sim\u021bitor \u00een ultimii ani, s-a hot\u0103r\u00e2t extinderea Gr\u0103dini\u021bei actuale.<br>La \u0219edin\u021ba de Consiliu programat\u0103 la jum\u0103tatea lunii august, se va vota pentru \u00eenfiin\u021barea unei noi gr\u0103dini\u021be cu program prelungit. Spa\u021biul \u00een care se v-a amenaja institu\u021bia de \u00eenv\u0103\u021b\u0103m\u00e2nt este acum folosit de Centrul de Vaccinare, acesta urm\u00e2nd s\u0103 se \u00eenchid\u0103 la \u00eenceputul lunii urm\u0103toare, prin acordul DSP Ilfov.<br>Unitatea \u0219colar\u0103, va fi dotat\u0103 cu mobilier, va avea toate facilit\u0103\u021bile necesare copiilor \u0219i se va deschide odat\u0103 cu \u00eenceperea noului an \u0219colar 2021-2022 \u00een septembrie.<br>Institu\u021bia de \u00eenv\u0103\u021b\u0103m\u00e2nt prescolar se va subordona actualei Gr\u0103dini\u021be cu Program Prelungit, acolo se pot depune \u0219i cererile pentru \u00eenscrierea copiilor.<\/p>\n","protected":false},"excerpt":{"rendered":"<p>Pretorian Cristian \u0218tefan \u00eempreun\u0103 cu Consiliul local al comunei Balote\u0219ti au propus pentru urm\u0103toarea \u0219edin\u021ba de consiliu votarea unui proiect<\/p>\n","protected":false},"author":1,"featured_media":244,"comment_status":"open","ping_status":"open","sticky":false,"template":"","format":"standard","meta":{"om_disable_all_campaigns":false,"_monsterinsights_skip_tracking":false,"_monsterinsights_sitenote_active":false,"_monsterinsights_sitenote_note":"","_monsterinsights_sitenote_category":0,"footnotes":""},"categories":[9],"tags":[],"class_list":["post-243","post","type-post","status-publish","format-standard","has-post-thumbnail","hentry","category-administratie"],"_links":{"self":[{"href":"https:\/\/judetulmeuilfov.com\/index.php\/wp-json\/wp\/v2\/posts\/243","targetHints":{"allow":["GET"]}}],"collection":[{"href":"https:\/\/judetulmeuilfov.com\/index.php\/wp-json\/wp\/v2\/posts"}],"about":[{"href":"https:\/\/judetulmeuilfov.com\/index.php\/wp-json\/wp\/v2\/types\/post"}],"author":[{"embeddable":true,"href":"https:\/\/judetulmeuilfov.com\/index.php\/wp-json\/wp\/v2\/users\/1"}],"replies":[{"embeddable":true,"href":"https:\/\/judetulmeuilfov.com\/index.php\/wp-json\/wp\/v2\/comments?post=243"}],"version-history":[{"count":1,"href":"https:\/\/judetulmeuilfov.com\/index.php\/wp-json\/wp\/v2\/posts\/243\/revisions"}],"predecessor-version":[{"id":245,"href":"https:\/\/judetulmeuilfov.com\/index.php\/wp-json\/wp\/v2\/posts\/243\/revisions\/245"}],"wp:featuredmedia":[{"embeddable":true,"href":"https:\/\/judetulmeuilfov.com\/index.php\/wp-json\/wp\/v2\/media\/244"}],"wp:attachment":[{"href":"https:\/\/judetulmeuilfov.com\/index.php\/wp-json\/wp\/v2\/media?parent=243"}],"wp:term":[{"taxonomy":"category","embeddable":true,"href":"https:\/\/judetulmeuilfov.com\/index.php\/wp-json\/wp\/v2\/categories?post=243"},{"taxonomy":"post_tag","embeddable":true,"href":"https:\/\/judetulmeuilfov.com\/index.php\/wp-json\/wp\/v2\/tags?post=243"}],"curies":[{"name":"wp","href":"https:\/\/api.w.org\/{rel}","templated":true}]}}