{"id":195,"date":"2021-08-02T10:21:28","date_gmt":"2021-08-02T10:21:28","guid":{"rendered":"http:\/\/judetulmeuilfov.com\/?p=195"},"modified":"2021-08-25T10:22:23","modified_gmt":"2021-08-25T10:22:23","slug":"dispensar-nou-in-domnesti","status":"publish","type":"post","link":"https:\/\/judetulmeuilfov.com\/index.php\/2021\/08\/02\/dispensar-nou-in-domnesti\/","title":{"rendered":"Dispensar nou \u00een Domne\u0219ti"},"content":{"rendered":"\n<p><\/p>\n\n\n\n<p>Primarul Adrian Ghi\u021b\u0103 are grij\u0103 de locuitorii comunei pe care o p\u0103store\u0219te. S\u0103n\u0103tatea reprezint\u0103 un factor important \u00een mandatul s\u0103u.<br>\u00cen prima parte a acestui an greu, \u00eenc\u0103 \u00eencercat de criza sanitar\u0103 provocat\u0103 de Covid 19, s-a terminat construc\u021bia dispensarului medical din comun\u0103. Centrul medical a ob\u021binut avizul de la Direac\u021bia de S\u0103n\u0103tate Public\u0103 Ilfov, conform c\u0103ruia ar fi putut func\u021biona drept centru de vaccinare anti-Covid, \u00eens\u0103 acum nu mai este cazul.<br>Primarul Adrian Ghi\u021b\u0103 a decis s\u0103 deschid\u0103 dispensarul medical pentru nevoile de zi cu zi ale cet\u0103\u021benilor \u0219i a mutat at\u00e2t cabinetele medicilor de familie, precum \u0219i pe cel al medicului stomatolog \u00een aceast\u0103 locatie, \u00een condi\u021bii civilizate \u0219i moderne.<\/p>\n","protected":false},"excerpt":{"rendered":"<p>Primarul Adrian Ghi\u021b\u0103 are grij\u0103 de locuitorii comunei pe care o p\u0103store\u0219te. S\u0103n\u0103tatea reprezint\u0103 un factor important \u00een mandatul s\u0103u.\u00cen<\/p>\n","protected":false},"author":1,"featured_media":196,"comment_status":"open","ping_status":"open","sticky":false,"template":"","format":"standard","meta":{"om_disable_all_campaigns":false,"_monsterinsights_skip_tracking":false,"_monsterinsights_sitenote_active":false,"_monsterinsights_sitenote_note":"","_monsterinsights_sitenote_category":0,"footnotes":""},"categories":[9],"tags":[],"class_list":["post-195","post","type-post","status-publish","format-standard","has-post-thumbnail","hentry","category-administratie"],"_links":{"self":[{"href":"https:\/\/judetulmeuilfov.com\/index.php\/wp-json\/wp\/v2\/posts\/195","targetHints":{"allow":["GET"]}}],"collection":[{"href":"https:\/\/judetulmeuilfov.com\/index.php\/wp-json\/wp\/v2\/posts"}],"about":[{"href":"https:\/\/judetulmeuilfov.com\/index.php\/wp-json\/wp\/v2\/types\/post"}],"author":[{"embeddable":true,"href":"https:\/\/judetulmeuilfov.com\/index.php\/wp-json\/wp\/v2\/users\/1"}],"replies":[{"embeddable":true,"href":"https:\/\/judetulmeuilfov.com\/index.php\/wp-json\/wp\/v2\/comments?post=195"}],"version-history":[{"count":1,"href":"https:\/\/judetulmeuilfov.com\/index.php\/wp-json\/wp\/v2\/posts\/195\/revisions"}],"predecessor-version":[{"id":197,"href":"https:\/\/judetulmeuilfov.com\/index.php\/wp-json\/wp\/v2\/posts\/195\/revisions\/197"}],"wp:featuredmedia":[{"embeddable":true,"href":"https:\/\/judetulmeuilfov.com\/index.php\/wp-json\/wp\/v2\/media\/196"}],"wp:attachment":[{"href":"https:\/\/judetulmeuilfov.com\/index.php\/wp-json\/wp\/v2\/media?parent=195"}],"wp:term":[{"taxonomy":"category","embeddable":true,"href":"https:\/\/judetulmeuilfov.com\/index.php\/wp-json\/wp\/v2\/categories?post=195"},{"taxonomy":"post_tag","embeddable":true,"href":"https:\/\/judetulmeuilfov.com\/index.php\/wp-json\/wp\/v2\/tags?post=195"}],"curies":[{"name":"wp","href":"https:\/\/api.w.org\/{rel}","templated":true}]}}