{"id":1880,"date":"2026-02-28T19:54:00","date_gmt":"2026-02-28T19:54:00","guid":{"rendered":"https:\/\/judetulmeuilfov.com\/?p=1880"},"modified":"2026-03-14T19:57:33","modified_gmt":"2026-03-14T19:57:33","slug":"mesajul-primarului-adrian-ghita-ilfovul-merita-respect","status":"publish","type":"post","link":"https:\/\/judetulmeuilfov.com\/index.php\/2026\/02\/28\/mesajul-primarului-adrian-ghita-ilfovul-merita-respect\/","title":{"rendered":"Mesajul primarului Adrian Ghi\u021b\u0103: \u201dIlfovul merit\u0103 respect!\u201d"},"content":{"rendered":"\n<p><br>Primarul comunei Domne\u0219ti, Adrian Ghi\u021b\u0103, transmite un mesaj despre rolul \u0219i contribu\u021bia important\u0103 pe care locuitorii din Jude\u021bul Ilfov o au \u00een dezvoltarea \u00eentregii regiuni din jurul Bucure\u0219ti.<br>Potrivit acestuia, Ilfovul este una dintre cele mai dinamice zone din Rom\u00e2nia, cu peste un milion de locuitori care contribuie zilnic la economia \u0219i func\u021bionarea capitalei. Sute de mii de oameni merg zi de zi la munc\u0103 \u00een Bucure\u0219ti, sus\u021bin\u00e2nd activ dezvoltarea zonei metropolitane.<br>\u00cen acela\u0219i timp, localit\u0103\u021bile din Ilfov continu\u0103 s\u0103 se dezvolte, iar nevoia de investi\u021bii \u00een infrastructur\u0103, educa\u021bie, mobilitate \u0219i servicii publice este tot mai mare. \u00cen ultimii ani au fost realizate proiecte importante pentru comunit\u0103\u021bi, multe dintre ele dezvoltate \u00een parteneriat cu Consiliul Jude\u021bean Ilfov.<br>Primarul Adrian Ghi\u021b\u0103 subliniaz\u0103 c\u0103 dezvoltarea comunit\u0103\u021bilor locale trebuie s\u0103 continue prin colaborare, dialog \u0219i proiecte concrete, \u00een beneficiul locuitorilor.<br>\u201eNu cerem privilegii, ci corectitudine \u0219i respect pentru contribu\u021bia pe care oamenii din Ilfov o aduc \u00een fiecare zi la dezvoltarea \u00eentregii regiuni\u201d, a transmis edilul din Domne\u0219ti.<br>Mesajul eviden\u021biaz\u0103 importan\u021ba unei colabor\u0103ri eficiente \u00eentre autorit\u0103\u021bi \u0219i a continuit\u0103\u021bii proiectelor care contribuie la cre\u0219terea calit\u0103\u021bii vie\u021bii \u00een comunit\u0103\u021bile din Ilfov.<\/p>\n","protected":false},"excerpt":{"rendered":"<p>Primarul comunei Domne\u0219ti, Adrian Ghi\u021b\u0103, transmite un mesaj despre rolul \u0219i contribu\u021bia important\u0103 pe care locuitorii din Jude\u021bul Ilfov o<\/p>\n","protected":false},"author":1,"featured_media":1881,"comment_status":"open","ping_status":"open","sticky":false,"template":"","format":"standard","meta":{"om_disable_all_campaigns":false,"_monsterinsights_skip_tracking":false,"_monsterinsights_sitenote_active":false,"_monsterinsights_sitenote_note":"","_monsterinsights_sitenote_category":0,"footnotes":""},"categories":[1],"tags":[],"class_list":["post-1880","post","type-post","status-publish","format-standard","has-post-thumbnail","hentry","category-uncategorized"],"_links":{"self":[{"href":"https:\/\/judetulmeuilfov.com\/index.php\/wp-json\/wp\/v2\/posts\/1880","targetHints":{"allow":["GET"]}}],"collection":[{"href":"https:\/\/judetulmeuilfov.com\/index.php\/wp-json\/wp\/v2\/posts"}],"about":[{"href":"https:\/\/judetulmeuilfov.com\/index.php\/wp-json\/wp\/v2\/types\/post"}],"author":[{"embeddable":true,"href":"https:\/\/judetulmeuilfov.com\/index.php\/wp-json\/wp\/v2\/users\/1"}],"replies":[{"embeddable":true,"href":"https:\/\/judetulmeuilfov.com\/index.php\/wp-json\/wp\/v2\/comments?post=1880"}],"version-history":[{"count":1,"href":"https:\/\/judetulmeuilfov.com\/index.php\/wp-json\/wp\/v2\/posts\/1880\/revisions"}],"predecessor-version":[{"id":1882,"href":"https:\/\/judetulmeuilfov.com\/index.php\/wp-json\/wp\/v2\/posts\/1880\/revisions\/1882"}],"wp:featuredmedia":[{"embeddable":true,"href":"https:\/\/judetulmeuilfov.com\/index.php\/wp-json\/wp\/v2\/media\/1881"}],"wp:attachment":[{"href":"https:\/\/judetulmeuilfov.com\/index.php\/wp-json\/wp\/v2\/media?parent=1880"}],"wp:term":[{"taxonomy":"category","embeddable":true,"href":"https:\/\/judetulmeuilfov.com\/index.php\/wp-json\/wp\/v2\/categories?post=1880"},{"taxonomy":"post_tag","embeddable":true,"href":"https:\/\/judetulmeuilfov.com\/index.php\/wp-json\/wp\/v2\/tags?post=1880"}],"curies":[{"name":"wp","href":"https:\/\/api.w.org\/{rel}","templated":true}]}}