{"id":1876,"date":"2026-02-24T19:49:00","date_gmt":"2026-02-24T19:49:00","guid":{"rendered":"https:\/\/judetulmeuilfov.com\/?p=1876"},"modified":"2026-03-14T19:52:14","modified_gmt":"2026-03-14T19:52:14","slug":"interventii-pentru-deszapezire-in-domnesti-in-urma-episodului-de-vreme-severa-din-21-22-februarie","status":"publish","type":"post","link":"https:\/\/judetulmeuilfov.com\/index.php\/2026\/02\/24\/interventii-pentru-deszapezire-in-domnesti-in-urma-episodului-de-vreme-severa-din-21-22-februarie\/","title":{"rendered":"Interven\u021bii pentru desz\u0103pezire \u00een Domne\u0219ti, \u00een urma episodului de vreme sever\u0103 din 21-22 februarie"},"content":{"rendered":"\n<p><\/p>\n\n\n\n<p>Autorit\u0103\u021bile locale din Domne\u0219ti au intervenit intens \u00een zilele de 21 -23 februarie pentru a face fa\u021b\u0103 episodului de vreme sever\u0103 anun\u021bat de Administra\u021bia Na\u021bional\u0103 de Meteorologie, care a emis cod galben de precipita\u021bii mixte, polei, viscol \u0219i ninsori.<br>\u00cencep\u00e2nd din seara avertiz\u0103rii meteorologice \u0219i p\u00e2n\u0103 \u00een diminea\u021ba zilei de 22 februarie, echipele de desz\u0103pezire au fost mobilizate pe teren pentru a men\u021bine drumurile practicabile \u0219i pentru a preveni blocajele \u00een trafic. Peste 20 de utilaje au ac\u021bionat continuu pe str\u0103zile din localitate, intervenind pe parcursul \u00eentregii nop\u021bi.<br>Condi\u021biile meteo au \u00eengreunat semnificativ activitatea echipelor, viscolul depun\u00e2nd rapid un nou strat de z\u0103pad\u0103 pe carosabil chiar \u0219i dup\u0103 ce drumurile erau cur\u0103\u021bate. \u00cen ciuda acestor dificult\u0103\u021bi, interven\u021biile au continuat f\u0103r\u0103 \u00eentrerupere pentru a acoperi o suprafa\u021b\u0103 c\u00e2t mai mare \u00eentr-un timp c\u00e2t mai scurt.<br>Reprezentan\u021bii administra\u021biei locale au f\u0103cut apel \u0219i la sprijinul locuitorilor, solicit\u00e2ndu-le s\u0103 \u00ee\u0219i parcheze autoturismele \u00een cur\u021bi, acolo unde este posibil, pentru a permite utilajelor s\u0103 intervin\u0103 eficient pe toate str\u0103zile.<br>De asemenea, autorit\u0103\u021bile au men\u021bionat c\u0103 \u00een anumite zone z\u0103pada a fost \u00eempins\u0103 \u00een fa\u021ba por\u021bilor de c\u0103tre plugurile de desz\u0103pezire, subliniind c\u0103 aceasta este, din p\u0103cate, o consecin\u021b\u0103 inevitabil\u0103 a procesului de cur\u0103\u021bare a drumurilor \u00een condi\u021bii de viscol.<br>Administra\u021bia local\u0103 a transmis c\u0103 echipele au r\u0103mas \u00een teren at\u00e2t timp c\u00e2t situa\u021bia a impus, intervenind pentru a asigura circula\u021bia \u00een condi\u021bii de siguran\u021b\u0103 pentru to\u021bi locuitorii comunei Domne\u0219ti.<\/p>\n","protected":false},"excerpt":{"rendered":"<p>Autorit\u0103\u021bile locale din Domne\u0219ti au intervenit intens \u00een zilele de 21 -23 februarie pentru a face fa\u021b\u0103 episodului de vreme<\/p>\n","protected":false},"author":1,"featured_media":1877,"comment_status":"open","ping_status":"open","sticky":false,"template":"","format":"standard","meta":{"om_disable_all_campaigns":false,"_monsterinsights_skip_tracking":false,"_monsterinsights_sitenote_active":false,"_monsterinsights_sitenote_note":"","_monsterinsights_sitenote_category":0,"footnotes":""},"categories":[1],"tags":[],"class_list":["post-1876","post","type-post","status-publish","format-standard","has-post-thumbnail","hentry","category-uncategorized"],"_links":{"self":[{"href":"https:\/\/judetulmeuilfov.com\/index.php\/wp-json\/wp\/v2\/posts\/1876","targetHints":{"allow":["GET"]}}],"collection":[{"href":"https:\/\/judetulmeuilfov.com\/index.php\/wp-json\/wp\/v2\/posts"}],"about":[{"href":"https:\/\/judetulmeuilfov.com\/index.php\/wp-json\/wp\/v2\/types\/post"}],"author":[{"embeddable":true,"href":"https:\/\/judetulmeuilfov.com\/index.php\/wp-json\/wp\/v2\/users\/1"}],"replies":[{"embeddable":true,"href":"https:\/\/judetulmeuilfov.com\/index.php\/wp-json\/wp\/v2\/comments?post=1876"}],"version-history":[{"count":1,"href":"https:\/\/judetulmeuilfov.com\/index.php\/wp-json\/wp\/v2\/posts\/1876\/revisions"}],"predecessor-version":[{"id":1878,"href":"https:\/\/judetulmeuilfov.com\/index.php\/wp-json\/wp\/v2\/posts\/1876\/revisions\/1878"}],"wp:featuredmedia":[{"embeddable":true,"href":"https:\/\/judetulmeuilfov.com\/index.php\/wp-json\/wp\/v2\/media\/1877"}],"wp:attachment":[{"href":"https:\/\/judetulmeuilfov.com\/index.php\/wp-json\/wp\/v2\/media?parent=1876"}],"wp:term":[{"taxonomy":"category","embeddable":true,"href":"https:\/\/judetulmeuilfov.com\/index.php\/wp-json\/wp\/v2\/categories?post=1876"},{"taxonomy":"post_tag","embeddable":true,"href":"https:\/\/judetulmeuilfov.com\/index.php\/wp-json\/wp\/v2\/tags?post=1876"}],"curies":[{"name":"wp","href":"https:\/\/api.w.org\/{rel}","templated":true}]}}