{"id":1873,"date":"2026-02-26T19:46:00","date_gmt":"2026-02-26T19:46:00","guid":{"rendered":"https:\/\/judetulmeuilfov.com\/?p=1873"},"modified":"2026-03-14T19:48:41","modified_gmt":"2026-03-14T19:48:41","slug":"inca-un-pas-important-pentru-realizarea-drumului-radial-1-vest-expres","status":"publish","type":"post","link":"https:\/\/judetulmeuilfov.com\/index.php\/2026\/02\/26\/inca-un-pas-important-pentru-realizarea-drumului-radial-1-vest-expres\/","title":{"rendered":"\u00cenc\u0103 un pas important pentru realizarea Drumului Radial 1 \u2013 Vest Expres"},"content":{"rendered":"\n<p><\/p>\n\n\n\n<p>Ve\u0219ti bune pentru comunitatea din Domne\u0219ti: proiectul Drumului Radial 1 \u2013 Vest Expres avanseaz\u0103 cu un nou pas important \u00een procedura de realizare.<br>Agen\u021bia Na\u021bional\u0103 pentru Protec\u021bia Mediului a emis decizia etapei de \u00eencadrare, un moment esen\u021bial \u00een procesul de reglementare din punct de vedere al protec\u021biei mediului. Aceast\u0103 etap\u0103 reprezint\u0103 un progres concret \u00een parcursul administrativ al proiectului.<br>Pentru locuitorii din Domne\u0219ti \u0219i localit\u0103\u021bile \u00eenvecinate, Drumul Radial 1 va deveni o rut\u0103 alternativ\u0103 important\u0103 de acces c\u0103tre Bucure\u0219ti, contribuind la reducerea timpilor de deplasare \u0219i la descongestionarea traficului din zon\u0103.<br>Proiectul Drumul Radial 1 \u2013 Vest Expres va asigura conexiuni strategice cu mai multe puncte importante: zona reziden\u021bial\u0103 \u0219i logistic\u0103 Domne\u0219ti \u2013 Ciorog\u00e2rla;<\/p>\n\n\n\n<ul class=\"wp-block-list\">\n<li>Centura Bucure\u0219tiului;<\/li>\n\n\n\n<li>Autostrada Bucure\u0219tiului A0, printr-un nod rutier dedicat;<\/li>\n\n\n\n<li>Sectorul 6, prin leg\u0103tura cu Bulevardul Timi\u0219oara;<br>Noul drum este g\u00e2ndit ca o infrastructur\u0103 modern\u0103, adaptat\u0103 nevoilor actuale \u0219i dezvolt\u0103rii viitoare. Principalele caracteristici propuse sunt:<br>aproximativ 10 km lungime, dou\u0103 benzi pe sens,<br>dou\u0103 zone de acostament, infrastructur\u0103 pentru transport public, zon\u0103 median\u0103 care va permite dezvolt\u0103ri ulterioare (de exemplu linie de tramvai), piste pentru biciclete.<br>Realizarea Drumului Radial 1 face parte dintr-un plan mai amplu de dezvoltare a infrastructurii rutiere din zona metropolitan\u0103 a Bucure\u0219tiului \u0219i are poten\u021bialul de a \u00eembun\u0103t\u0103\u021bi mobilitatea \u0219i accesul c\u0103tre capital\u0103 pentru locuitorii din Domne\u0219ti.<br>Autorit\u0103\u021bile, conduse de primarul Adrian Ghi\u021b\u0103 vor continua demersurile necesare pentru ca proiectul s\u0103 avanseze c\u0103tre urm\u0103toarele etape \u0219i, \u00een final, c\u0103tre realizarea efectiv\u0103 a acestei investi\u021bii importante pentru comunitate.<\/li>\n<\/ul>\n","protected":false},"excerpt":{"rendered":"<p>Ve\u0219ti bune pentru comunitatea din Domne\u0219ti: proiectul Drumului Radial 1 \u2013 Vest Expres avanseaz\u0103 cu un nou pas important \u00een<\/p>\n","protected":false},"author":1,"featured_media":1874,"comment_status":"open","ping_status":"open","sticky":false,"template":"","format":"standard","meta":{"om_disable_all_campaigns":false,"_monsterinsights_skip_tracking":false,"_monsterinsights_sitenote_active":false,"_monsterinsights_sitenote_note":"","_monsterinsights_sitenote_category":0,"footnotes":""},"categories":[1],"tags":[],"class_list":["post-1873","post","type-post","status-publish","format-standard","has-post-thumbnail","hentry","category-uncategorized"],"_links":{"self":[{"href":"https:\/\/judetulmeuilfov.com\/index.php\/wp-json\/wp\/v2\/posts\/1873","targetHints":{"allow":["GET"]}}],"collection":[{"href":"https:\/\/judetulmeuilfov.com\/index.php\/wp-json\/wp\/v2\/posts"}],"about":[{"href":"https:\/\/judetulmeuilfov.com\/index.php\/wp-json\/wp\/v2\/types\/post"}],"author":[{"embeddable":true,"href":"https:\/\/judetulmeuilfov.com\/index.php\/wp-json\/wp\/v2\/users\/1"}],"replies":[{"embeddable":true,"href":"https:\/\/judetulmeuilfov.com\/index.php\/wp-json\/wp\/v2\/comments?post=1873"}],"version-history":[{"count":1,"href":"https:\/\/judetulmeuilfov.com\/index.php\/wp-json\/wp\/v2\/posts\/1873\/revisions"}],"predecessor-version":[{"id":1875,"href":"https:\/\/judetulmeuilfov.com\/index.php\/wp-json\/wp\/v2\/posts\/1873\/revisions\/1875"}],"wp:featuredmedia":[{"embeddable":true,"href":"https:\/\/judetulmeuilfov.com\/index.php\/wp-json\/wp\/v2\/media\/1874"}],"wp:attachment":[{"href":"https:\/\/judetulmeuilfov.com\/index.php\/wp-json\/wp\/v2\/media?parent=1873"}],"wp:term":[{"taxonomy":"category","embeddable":true,"href":"https:\/\/judetulmeuilfov.com\/index.php\/wp-json\/wp\/v2\/categories?post=1873"},{"taxonomy":"post_tag","embeddable":true,"href":"https:\/\/judetulmeuilfov.com\/index.php\/wp-json\/wp\/v2\/tags?post=1873"}],"curies":[{"name":"wp","href":"https:\/\/api.w.org\/{rel}","templated":true}]}}