{"id":1867,"date":"2026-02-18T19:38:00","date_gmt":"2026-02-18T19:38:00","guid":{"rendered":"https:\/\/judetulmeuilfov.com\/?p=1867"},"modified":"2026-03-14T19:42:35","modified_gmt":"2026-03-14T19:42:35","slug":"comandamentul-de-iarna-din-domnesti-a-gestionat-interventiile-in-timpul-codului-portocaliu-de-ninsoare-si-viscol","status":"publish","type":"post","link":"https:\/\/judetulmeuilfov.com\/index.php\/2026\/02\/18\/comandamentul-de-iarna-din-domnesti-a-gestionat-interventiile-in-timpul-codului-portocaliu-de-ninsoare-si-viscol\/","title":{"rendered":"Comandamentul de iarn\u0103 din Domne\u0219ti a gestionat interven\u021biile \u00een timpul codului portocaliu de ninsoare \u0219i viscol"},"content":{"rendered":"\n<p><\/p>\n\n\n\n<p>Autorit\u0103\u021bile din Domne\u0219ti au ac\u021bionat prompt pentru gestionarea situa\u021biei create de codul portocaliu de ninsoare \u0219i viscol emis pentru intervalul 17\u201318 februarie. \u00cenc\u0103 din seara \u00een care avertizarea a intrat \u00een vigoare, comandamentul de iarn\u0103 s-a mobilizat pentru a coordona interven\u021biile din teren.<br>Echipele de desz\u0103pezire au intervenit constant pe str\u0103zile din localitate, lucr\u00e2nd timp de mai multe ore pentru a men\u021bine drumurile practicabile. Utilajele au ac\u021bionat continuu p\u00e2n\u0103 la ridicarea avertiz\u0103rii, \u00eens\u0103 rafalele puternice de v\u00e2nt au adus \u00een repetate r\u00e2nduri z\u0103pada viscolit\u0103 \u00een urma acestora, \u00eengreun\u00e2nd munca echipelor.<br>Reprezentan\u021bii administra\u021biei locale au precizat c\u0103 prioritatea a fost asigurarea circula\u021biei \u00een condi\u021bii de siguran\u021b\u0103, \u00een special pe principalele artere din comun\u0103. Chiar \u0219i \u00een aceste condi\u021bii dificile, echipele au r\u0103mas \u00een teren pentru a interveni ori de c\u00e2te ori situa\u021bia a impus.<br>\u00cen acela\u0219i timp, autorit\u0103\u021bile au f\u0103cut apel la \u00een\u021belegerea locuitorilor, amintind c\u0103, \u00een ciuda fenomenelor meteo, iarna aduce \u0219i momente frumoase, mai ales pentru copii, afla\u021bi \u00een vacan\u021b\u0103 \u00een aceast\u0103 perioad\u0103.<br>La finalul episodului de vreme sever\u0103, situa\u021bia din Domne\u0219ti a fost \u021binut\u0103 sub control, iar circula\u021bia s-a desf\u0103\u0219urat \u00een condi\u021bii de iarn\u0103, f\u0103r\u0103 probleme majore.<\/p>\n\n\n\n<figure class=\"wp-block-gallery has-nested-images columns-default is-cropped wp-block-gallery-1 is-layout-flex wp-block-gallery-is-layout-flex\">\n<figure class=\"wp-block-image size-large\"><img loading=\"lazy\" decoding=\"async\" width=\"1024\" height=\"776\" data-id=\"1869\" src=\"https:\/\/judetulmeuilfov.com\/wp-content\/uploads\/2026\/03\/7a9f9892-9c94-4d03-bfb9-196451b7b997-1024x776.jpeg\" alt=\"\" class=\"wp-image-1869\" srcset=\"https:\/\/judetulmeuilfov.com\/wp-content\/uploads\/2026\/03\/7a9f9892-9c94-4d03-bfb9-196451b7b997-1024x776.jpeg 1024w, https:\/\/judetulmeuilfov.com\/wp-content\/uploads\/2026\/03\/7a9f9892-9c94-4d03-bfb9-196451b7b997-300x227.jpeg 300w, https:\/\/judetulmeuilfov.com\/wp-content\/uploads\/2026\/03\/7a9f9892-9c94-4d03-bfb9-196451b7b997-768x582.jpeg 768w, https:\/\/judetulmeuilfov.com\/wp-content\/uploads\/2026\/03\/7a9f9892-9c94-4d03-bfb9-196451b7b997.jpeg 1040w\" sizes=\"auto, (max-width: 1024px) 100vw, 1024px\" \/><\/figure>\n\n\n\n<figure class=\"wp-block-image size-large\"><img loading=\"lazy\" decoding=\"async\" width=\"1024\" height=\"776\" data-id=\"1870\" src=\"https:\/\/judetulmeuilfov.com\/wp-content\/uploads\/2026\/03\/0776ba3d-f867-42b7-9594-df26c06c4374-1024x776.jpeg\" alt=\"\" class=\"wp-image-1870\" srcset=\"https:\/\/judetulmeuilfov.com\/wp-content\/uploads\/2026\/03\/0776ba3d-f867-42b7-9594-df26c06c4374-1024x776.jpeg 1024w, https:\/\/judetulmeuilfov.com\/wp-content\/uploads\/2026\/03\/0776ba3d-f867-42b7-9594-df26c06c4374-300x227.jpeg 300w, https:\/\/judetulmeuilfov.com\/wp-content\/uploads\/2026\/03\/0776ba3d-f867-42b7-9594-df26c06c4374-768x582.jpeg 768w, https:\/\/judetulmeuilfov.com\/wp-content\/uploads\/2026\/03\/0776ba3d-f867-42b7-9594-df26c06c4374.jpeg 1280w\" sizes=\"auto, (max-width: 1024px) 100vw, 1024px\" \/><\/figure>\n\n\n\n<figure class=\"wp-block-image size-large\"><img loading=\"lazy\" decoding=\"async\" width=\"1024\" height=\"776\" data-id=\"1871\" src=\"https:\/\/judetulmeuilfov.com\/wp-content\/uploads\/2026\/03\/c32e62dd-55a9-4fef-8064-85ebbe87891a-1-1024x776.jpeg\" alt=\"\" class=\"wp-image-1871\" srcset=\"https:\/\/judetulmeuilfov.com\/wp-content\/uploads\/2026\/03\/c32e62dd-55a9-4fef-8064-85ebbe87891a-1-1024x776.jpeg 1024w, https:\/\/judetulmeuilfov.com\/wp-content\/uploads\/2026\/03\/c32e62dd-55a9-4fef-8064-85ebbe87891a-1-300x227.jpeg 300w, https:\/\/judetulmeuilfov.com\/wp-content\/uploads\/2026\/03\/c32e62dd-55a9-4fef-8064-85ebbe87891a-1-768x582.jpeg 768w, https:\/\/judetulmeuilfov.com\/wp-content\/uploads\/2026\/03\/c32e62dd-55a9-4fef-8064-85ebbe87891a-1.jpeg 1040w\" sizes=\"auto, (max-width: 1024px) 100vw, 1024px\" \/><\/figure>\n<\/figure>\n","protected":false},"excerpt":{"rendered":"<p>Autorit\u0103\u021bile din Domne\u0219ti au ac\u021bionat prompt pentru gestionarea situa\u021biei create de codul portocaliu de ninsoare \u0219i viscol emis pentru intervalul<\/p>\n","protected":false},"author":1,"featured_media":1868,"comment_status":"open","ping_status":"open","sticky":false,"template":"","format":"standard","meta":{"om_disable_all_campaigns":false,"_monsterinsights_skip_tracking":false,"_monsterinsights_sitenote_active":false,"_monsterinsights_sitenote_note":"","_monsterinsights_sitenote_category":0,"footnotes":""},"categories":[1],"tags":[],"class_list":["post-1867","post","type-post","status-publish","format-standard","has-post-thumbnail","hentry","category-uncategorized"],"_links":{"self":[{"href":"https:\/\/judetulmeuilfov.com\/index.php\/wp-json\/wp\/v2\/posts\/1867","targetHints":{"allow":["GET"]}}],"collection":[{"href":"https:\/\/judetulmeuilfov.com\/index.php\/wp-json\/wp\/v2\/posts"}],"about":[{"href":"https:\/\/judetulmeuilfov.com\/index.php\/wp-json\/wp\/v2\/types\/post"}],"author":[{"embeddable":true,"href":"https:\/\/judetulmeuilfov.com\/index.php\/wp-json\/wp\/v2\/users\/1"}],"replies":[{"embeddable":true,"href":"https:\/\/judetulmeuilfov.com\/index.php\/wp-json\/wp\/v2\/comments?post=1867"}],"version-history":[{"count":1,"href":"https:\/\/judetulmeuilfov.com\/index.php\/wp-json\/wp\/v2\/posts\/1867\/revisions"}],"predecessor-version":[{"id":1872,"href":"https:\/\/judetulmeuilfov.com\/index.php\/wp-json\/wp\/v2\/posts\/1867\/revisions\/1872"}],"wp:featuredmedia":[{"embeddable":true,"href":"https:\/\/judetulmeuilfov.com\/index.php\/wp-json\/wp\/v2\/media\/1868"}],"wp:attachment":[{"href":"https:\/\/judetulmeuilfov.com\/index.php\/wp-json\/wp\/v2\/media?parent=1867"}],"wp:term":[{"taxonomy":"category","embeddable":true,"href":"https:\/\/judetulmeuilfov.com\/index.php\/wp-json\/wp\/v2\/categories?post=1867"},{"taxonomy":"post_tag","embeddable":true,"href":"https:\/\/judetulmeuilfov.com\/index.php\/wp-json\/wp\/v2\/tags?post=1867"}],"curies":[{"name":"wp","href":"https:\/\/api.w.org\/{rel}","templated":true}]}}