{"id":1833,"date":"2025-11-19T08:34:07","date_gmt":"2025-11-19T08:34:07","guid":{"rendered":"https:\/\/judetulmeuilfov.com\/?p=1833"},"modified":"2025-11-20T10:30:51","modified_gmt":"2025-11-20T10:30:51","slug":"consiliul-judetean-ilfov-anunta-finalizarea-proiectului-de-modernizare-a-ambulatoriului-de-la-spitalul-de-obstetrica-ginecologie-buftea","status":"publish","type":"post","link":"https:\/\/judetulmeuilfov.com\/index.php\/2025\/11\/19\/consiliul-judetean-ilfov-anunta-finalizarea-proiectului-de-modernizare-a-ambulatoriului-de-la-spitalul-de-obstetrica-ginecologie-buftea\/","title":{"rendered":"Consiliul Jude\u021bean Ilfov anun\u021b\u0103 finalizarea proiectului privind dotarea cu echipamente medicale a ambulatoriului de specialitate  din cadrul Spitalului de Obstetric\u0103-Ginecologie Buftea"},"content":{"rendered":"\n<figure class=\"wp-block-gallery has-nested-images columns-default is-cropped wp-block-gallery-1 is-layout-flex wp-block-gallery-is-layout-flex\">\n<figure class=\"wp-block-image size-large\"><img loading=\"lazy\" decoding=\"async\" width=\"1024\" height=\"96\" data-id=\"1847\" src=\"https:\/\/judetulmeuilfov.com\/wp-content\/uploads\/2025\/11\/elemente-identitate-pnrr-1-1024x96.png\" alt=\"\" class=\"wp-image-1847\" srcset=\"https:\/\/judetulmeuilfov.com\/wp-content\/uploads\/2025\/11\/elemente-identitate-pnrr-1-1024x96.png 1024w, https:\/\/judetulmeuilfov.com\/wp-content\/uploads\/2025\/11\/elemente-identitate-pnrr-1-300x28.png 300w, https:\/\/judetulmeuilfov.com\/wp-content\/uploads\/2025\/11\/elemente-identitate-pnrr-1-768x72.png 768w, https:\/\/judetulmeuilfov.com\/wp-content\/uploads\/2025\/11\/elemente-identitate-pnrr-1-1536x144.png 1536w, https:\/\/judetulmeuilfov.com\/wp-content\/uploads\/2025\/11\/elemente-identitate-pnrr-1-2048x193.png 2048w\" sizes=\"auto, (max-width: 1024px) 100vw, 1024px\" \/><\/figure>\n<\/figure>\n\n\n\n<p><\/p>\n\n\n\n<p>Consiliul Jude\u021bean Ilfov anun\u021b\u0103 finalizarea proiectului de dotare a ambulatoriului Spitalului de Obstetric\u0103-Ginecologie Buftea, realizat cu sprijinul PNRR. Proiectul, derulat \u00eentre martie 2023 \u0219i noiembrie 2025, are o valoare total\u0103 de 15,4 milioane lei, dintre care peste 14 milioane lei reprezint\u0103 fonduri nerambursabile.<\/p>\n\n\n\n<p>Investi\u021bia urm\u0103re\u0219te \u00eembun\u0103t\u0103\u021birea accesului la servicii medicale pentru locuitorii din Buftea \u0219i din zonele rurale din apropiere. Ambulatoriul a fost dotat cu aparatur\u0103 medical\u0103 modern\u0103, care permite stabilirea unui diagnostic mai rapid \u0219i mai precis \u0219i oferirea unor tratamente adecvate \u00eenc\u0103 din stadiile incipiente ale afec\u021biunilor. Echipa medical\u0103 are astfel la dispozi\u021bie instrumente actualizate pentru a interveni eficient, iar pacien\u021bii beneficiaz\u0103 de servicii mai sigure \u0219i mai eficiente.<\/p>\n\n\n\n<p>Au fost introduse dou\u0103 noi specialit\u0103\u021bi \u2013 anestezie \u0219i terapie intensiv\u0103, respectiv neonatologie \u2013 iar serviciile existente au fost extinse pentru a reduce timpii de a\u0219teptare \u0219i pentru a cre\u0219te num\u0103rul de pacien\u021bi care pot fi investiga\u021bi \u0219i trata\u021bi. Modernizarea contribuie la reducerea diferen\u021belor dintre mediul urban \u0219i cel rural \u00een ceea ce prive\u0219te accesul la \u00eengrijiri medicale de calitate.<\/p>\n\n\n\n<p>Proiectul este finan\u021bat prin Planul Na\u021bional de Redresare \u0219i Rezilien\u021b\u0103, \u00een cadrul componentei dedicate dezvolt\u0103rii infrastructurii medicale prespitalice\u0219ti.<\/p>\n\n\n\n<figure class=\"wp-block-gallery has-nested-images columns-default is-cropped wp-block-gallery-2 is-layout-flex wp-block-gallery-is-layout-flex\">\n<figure class=\"wp-block-image size-large\"><img loading=\"lazy\" decoding=\"async\" width=\"768\" height=\"1024\" data-id=\"1837\" src=\"https:\/\/judetulmeuilfov.com\/wp-content\/uploads\/2025\/11\/IMG_2395-1-768x1024.jpeg\" alt=\"\" class=\"wp-image-1837\" srcset=\"https:\/\/judetulmeuilfov.com\/wp-content\/uploads\/2025\/11\/IMG_2395-1-768x1024.jpeg 768w, https:\/\/judetulmeuilfov.com\/wp-content\/uploads\/2025\/11\/IMG_2395-1-225x300.jpeg 225w, https:\/\/judetulmeuilfov.com\/wp-content\/uploads\/2025\/11\/IMG_2395-1-1152x1536.jpeg 1152w, https:\/\/judetulmeuilfov.com\/wp-content\/uploads\/2025\/11\/IMG_2395-1.jpeg 1536w\" sizes=\"auto, (max-width: 768px) 100vw, 768px\" \/><\/figure>\n\n\n\n<figure class=\"wp-block-image size-large\"><img loading=\"lazy\" decoding=\"async\" width=\"768\" height=\"1024\" data-id=\"1839\" src=\"https:\/\/judetulmeuilfov.com\/wp-content\/uploads\/2025\/11\/IMG_2641-768x1024.jpeg\" alt=\"\" class=\"wp-image-1839\" srcset=\"https:\/\/judetulmeuilfov.com\/wp-content\/uploads\/2025\/11\/IMG_2641-768x1024.jpeg 768w, https:\/\/judetulmeuilfov.com\/wp-content\/uploads\/2025\/11\/IMG_2641-225x300.jpeg 225w, https:\/\/judetulmeuilfov.com\/wp-content\/uploads\/2025\/11\/IMG_2641-1152x1536.jpeg 1152w, https:\/\/judetulmeuilfov.com\/wp-content\/uploads\/2025\/11\/IMG_2641.jpeg 1536w\" sizes=\"auto, (max-width: 768px) 100vw, 768px\" \/><\/figure>\n\n\n\n<figure class=\"wp-block-image size-large\"><img loading=\"lazy\" decoding=\"async\" width=\"768\" height=\"1024\" data-id=\"1840\" src=\"https:\/\/judetulmeuilfov.com\/wp-content\/uploads\/2025\/11\/IMG_2626-768x1024.jpeg\" alt=\"\" class=\"wp-image-1840\" srcset=\"https:\/\/judetulmeuilfov.com\/wp-content\/uploads\/2025\/11\/IMG_2626-768x1024.jpeg 768w, https:\/\/judetulmeuilfov.com\/wp-content\/uploads\/2025\/11\/IMG_2626-225x300.jpeg 225w, https:\/\/judetulmeuilfov.com\/wp-content\/uploads\/2025\/11\/IMG_2626-1152x1536.jpeg 1152w, https:\/\/judetulmeuilfov.com\/wp-content\/uploads\/2025\/11\/IMG_2626.jpeg 1536w\" sizes=\"auto, (max-width: 768px) 100vw, 768px\" \/><\/figure>\n\n\n\n<figure class=\"wp-block-image size-large\"><img loading=\"lazy\" decoding=\"async\" width=\"768\" height=\"1024\" data-id=\"1838\" src=\"https:\/\/judetulmeuilfov.com\/wp-content\/uploads\/2025\/11\/IMG_2325-768x1024.jpeg\" alt=\"\" class=\"wp-image-1838\" srcset=\"https:\/\/judetulmeuilfov.com\/wp-content\/uploads\/2025\/11\/IMG_2325-768x1024.jpeg 768w, https:\/\/judetulmeuilfov.com\/wp-content\/uploads\/2025\/11\/IMG_2325-225x300.jpeg 225w, https:\/\/judetulmeuilfov.com\/wp-content\/uploads\/2025\/11\/IMG_2325-1152x1536.jpeg 1152w, https:\/\/judetulmeuilfov.com\/wp-content\/uploads\/2025\/11\/IMG_2325.jpeg 1536w\" sizes=\"auto, (max-width: 768px) 100vw, 768px\" \/><\/figure>\n\n\n\n<figure class=\"wp-block-image size-large\"><img loading=\"lazy\" decoding=\"async\" width=\"768\" height=\"1024\" data-id=\"1841\" src=\"https:\/\/judetulmeuilfov.com\/wp-content\/uploads\/2025\/11\/IMG_2319-768x1024.jpeg\" alt=\"\" class=\"wp-image-1841\" srcset=\"https:\/\/judetulmeuilfov.com\/wp-content\/uploads\/2025\/11\/IMG_2319-768x1024.jpeg 768w, https:\/\/judetulmeuilfov.com\/wp-content\/uploads\/2025\/11\/IMG_2319-225x300.jpeg 225w, https:\/\/judetulmeuilfov.com\/wp-content\/uploads\/2025\/11\/IMG_2319-1152x1536.jpeg 1152w, https:\/\/judetulmeuilfov.com\/wp-content\/uploads\/2025\/11\/IMG_2319.jpeg 1536w\" sizes=\"auto, (max-width: 768px) 100vw, 768px\" \/><\/figure>\n<\/figure>\n\n\n\n<figure class=\"wp-block-image size-large\"><img loading=\"lazy\" decoding=\"async\" width=\"1024\" height=\"139\" src=\"https:\/\/judetulmeuilfov.com\/wp-content\/uploads\/2025\/11\/ELEMENTE-MIV-2-1024x139.png\" alt=\"\" class=\"wp-image-1849\" srcset=\"https:\/\/judetulmeuilfov.com\/wp-content\/uploads\/2025\/11\/ELEMENTE-MIV-2-1024x139.png 1024w, https:\/\/judetulmeuilfov.com\/wp-content\/uploads\/2025\/11\/ELEMENTE-MIV-2-300x41.png 300w, https:\/\/judetulmeuilfov.com\/wp-content\/uploads\/2025\/11\/ELEMENTE-MIV-2-768x105.png 768w, https:\/\/judetulmeuilfov.com\/wp-content\/uploads\/2025\/11\/ELEMENTE-MIV-2-1536x209.png 1536w, https:\/\/judetulmeuilfov.com\/wp-content\/uploads\/2025\/11\/ELEMENTE-MIV-2-2048x279.png 2048w\" sizes=\"auto, (max-width: 1024px) 100vw, 1024px\" \/><\/figure>\n","protected":false},"excerpt":{"rendered":"<p>Consiliul Jude\u021bean Ilfov anun\u021b\u0103 finalizarea proiectului de dotare a ambulatoriului Spitalului de Obstetric\u0103-Ginecologie Buftea, realizat cu sprijinul PNRR. Proiectul, derulat<\/p>\n","protected":false},"author":1,"featured_media":1836,"comment_status":"open","ping_status":"open","sticky":false,"template":"","format":"standard","meta":{"om_disable_all_campaigns":false,"_monsterinsights_skip_tracking":false,"_monsterinsights_sitenote_active":false,"_monsterinsights_sitenote_note":"","_monsterinsights_sitenote_category":0,"footnotes":""},"categories":[11],"tags":[],"class_list":["post-1833","post","type-post","status-publish","format-standard","has-post-thumbnail","hentry","category-sanatate"],"_links":{"self":[{"href":"https:\/\/judetulmeuilfov.com\/index.php\/wp-json\/wp\/v2\/posts\/1833","targetHints":{"allow":["GET"]}}],"collection":[{"href":"https:\/\/judetulmeuilfov.com\/index.php\/wp-json\/wp\/v2\/posts"}],"about":[{"href":"https:\/\/judetulmeuilfov.com\/index.php\/wp-json\/wp\/v2\/types\/post"}],"author":[{"embeddable":true,"href":"https:\/\/judetulmeuilfov.com\/index.php\/wp-json\/wp\/v2\/users\/1"}],"replies":[{"embeddable":true,"href":"https:\/\/judetulmeuilfov.com\/index.php\/wp-json\/wp\/v2\/comments?post=1833"}],"version-history":[{"count":4,"href":"https:\/\/judetulmeuilfov.com\/index.php\/wp-json\/wp\/v2\/posts\/1833\/revisions"}],"predecessor-version":[{"id":1850,"href":"https:\/\/judetulmeuilfov.com\/index.php\/wp-json\/wp\/v2\/posts\/1833\/revisions\/1850"}],"wp:featuredmedia":[{"embeddable":true,"href":"https:\/\/judetulmeuilfov.com\/index.php\/wp-json\/wp\/v2\/media\/1836"}],"wp:attachment":[{"href":"https:\/\/judetulmeuilfov.com\/index.php\/wp-json\/wp\/v2\/media?parent=1833"}],"wp:term":[{"taxonomy":"category","embeddable":true,"href":"https:\/\/judetulmeuilfov.com\/index.php\/wp-json\/wp\/v2\/categories?post=1833"},{"taxonomy":"post_tag","embeddable":true,"href":"https:\/\/judetulmeuilfov.com\/index.php\/wp-json\/wp\/v2\/tags?post=1833"}],"curies":[{"name":"wp","href":"https:\/\/api.w.org\/{rel}","templated":true}]}}