{"id":1575,"date":"2024-06-03T06:01:46","date_gmt":"2024-06-03T06:01:46","guid":{"rendered":"https:\/\/judetulmeuilfov.com\/?p=1575"},"modified":"2024-07-08T06:04:03","modified_gmt":"2024-07-08T06:04:03","slug":"centru-de-asistenta-medicala-si-primiri-urgente-in-domnesti","status":"publish","type":"post","link":"https:\/\/judetulmeuilfov.com\/index.php\/2024\/06\/03\/centru-de-asistenta-medicala-si-primiri-urgente-in-domnesti\/","title":{"rendered":"Centru de asisten\u021b\u0103 medical\u0103 \u0219i primiri urgen\u021be \u00een Domne\u0219ti"},"content":{"rendered":"\n<p>Centru de asisten\u021b\u0103 medical\u0103 \u0219i primiri urgen\u021be \u00een Domne\u0219ti<\/p>\n\n\n\n<p>Pentru edilul Adrian Ghi\u021b\u0103 s\u0103n\u0103tatea \u0219i grija pentru ea sunt pe primul loc, motiv pentru care \u0219i realizarea proiectelor \u00een acest domeniu reprezint\u0103 o prioritate.<br>La \u00eenceputul lunii iunie primarul ne-a dat c\u00e2teva informa\u021bii despre construirea unui centru de asisten\u021b\u0103 medical\u0103 \u0219i primiri urgen\u021be aflat \u00een derulare, care va fi deschis 24\/24 pentru cei care au nevoie urgent de servicii medicale.<br>Adrian Ghi\u021b\u0103 ne-a precizat care sunt pa\u0219ii proiectului :<br>&#8222;- demolarea cl\u0103dirii vechi a dispensarului, etap\u0103 realizat\u0103 anul trecut ;<\/p>\n\n\n\n<ul class=\"wp-block-list\">\n<li>construirea unei noi cl\u0103diri cu regim de \u00een\u0103l\u021bime P+1E \u0219i o suprafa\u021b\u0103 construit\u0103 desf\u0103\u0219urat\u0103 de 670,50 mp;<br>-10 cabinete medicale, cu diferite specializ\u0103ri: medicin\u0103 primar\u0103, stomatologie, logopedie, ginecologie, ecografie;<\/li>\n\n\n\n<li>spa\u021bii conexe: sal\u0103 gimnastic\u0103, sal\u0103 recuperare, sal\u0103 tratament, radiologie dentar\u0103, recep\u021bie \u0219i birouri;<\/li>\n\n\n\n<li>primiri urgen\u021be medicale 24\/24;<br>Lucr\u0103rile pentru acest centru medical se vor finaliza anul acesta&#8221;.<br>Pentru to\u021bi locuitorii comunei Domne\u0219ti acest centru este de un real folos, fiind esen\u021bial \u00een salvarea de vie\u021bi omene\u0219ti.<\/li>\n<\/ul>\n","protected":false},"excerpt":{"rendered":"<p>Centru de asisten\u021b\u0103 medical\u0103 \u0219i primiri urgen\u021be \u00een Domne\u0219ti Pentru edilul Adrian Ghi\u021b\u0103 s\u0103n\u0103tatea \u0219i grija pentru ea sunt pe<\/p>\n","protected":false},"author":1,"featured_media":1576,"comment_status":"open","ping_status":"open","sticky":false,"template":"","format":"standard","meta":{"om_disable_all_campaigns":false,"_monsterinsights_skip_tracking":false,"_monsterinsights_sitenote_active":false,"_monsterinsights_sitenote_note":"","_monsterinsights_sitenote_category":0,"footnotes":""},"categories":[9],"tags":[],"class_list":["post-1575","post","type-post","status-publish","format-standard","has-post-thumbnail","hentry","category-administratie"],"_links":{"self":[{"href":"https:\/\/judetulmeuilfov.com\/index.php\/wp-json\/wp\/v2\/posts\/1575","targetHints":{"allow":["GET"]}}],"collection":[{"href":"https:\/\/judetulmeuilfov.com\/index.php\/wp-json\/wp\/v2\/posts"}],"about":[{"href":"https:\/\/judetulmeuilfov.com\/index.php\/wp-json\/wp\/v2\/types\/post"}],"author":[{"embeddable":true,"href":"https:\/\/judetulmeuilfov.com\/index.php\/wp-json\/wp\/v2\/users\/1"}],"replies":[{"embeddable":true,"href":"https:\/\/judetulmeuilfov.com\/index.php\/wp-json\/wp\/v2\/comments?post=1575"}],"version-history":[{"count":1,"href":"https:\/\/judetulmeuilfov.com\/index.php\/wp-json\/wp\/v2\/posts\/1575\/revisions"}],"predecessor-version":[{"id":1577,"href":"https:\/\/judetulmeuilfov.com\/index.php\/wp-json\/wp\/v2\/posts\/1575\/revisions\/1577"}],"wp:featuredmedia":[{"embeddable":true,"href":"https:\/\/judetulmeuilfov.com\/index.php\/wp-json\/wp\/v2\/media\/1576"}],"wp:attachment":[{"href":"https:\/\/judetulmeuilfov.com\/index.php\/wp-json\/wp\/v2\/media?parent=1575"}],"wp:term":[{"taxonomy":"category","embeddable":true,"href":"https:\/\/judetulmeuilfov.com\/index.php\/wp-json\/wp\/v2\/categories?post=1575"},{"taxonomy":"post_tag","embeddable":true,"href":"https:\/\/judetulmeuilfov.com\/index.php\/wp-json\/wp\/v2\/tags?post=1575"}],"curies":[{"name":"wp","href":"https:\/\/api.w.org\/{rel}","templated":true}]}}