{"id":1559,"date":"2024-05-31T08:25:42","date_gmt":"2024-05-31T08:25:42","guid":{"rendered":"https:\/\/judetulmeuilfov.com\/?p=1559"},"modified":"2024-06-11T08:27:26","modified_gmt":"2024-06-11T08:27:26","slug":"trei-noi-unitati-de-invatamant-se-vor-construi-in-domnesti","status":"publish","type":"post","link":"https:\/\/judetulmeuilfov.com\/index.php\/2024\/05\/31\/trei-noi-unitati-de-invatamant-se-vor-construi-in-domnesti\/","title":{"rendered":"Trei noi unit\u0103\u021bi de \u00eenv\u0103\u021b\u0103m\u00e2nt se vor construi \u00een Domne\u0219ti"},"content":{"rendered":"\n<p><\/p>\n\n\n\n<p>Adrian Ghi\u021b\u0103 a prezentat c\u00e2teva proiecte importante pentru dezvoltarea localit\u0103\u021bii ce vor fi<br>realizate \u00een perioada 2024 &#8211; 2028 \u0219i care se afl\u0103 deja \u00een diferite stadii.<br>Edilul ne-a dat detalii despre lucr\u0103ri:<br>&#8221; Dup\u0103 ce am reu\u0219it \u00een urm\u0103 cu c\u00e2teva luni s\u0103 d\u0103m \u00een folosin\u021b\u0103 gr\u0103dini\u021ba de la \u021aeghe\u0219, care a ajuns un exemplu de bun\u0103 practic\u0103 la nivel na\u021bional, pentru \ud835\uddf2\ud835\uddf1\ud835\ude02\ud835\uddf0\ud835\uddee\ud835\ude01\ud835\uddf6\ud835\uddf2 mai avem propuse urm\u0103toarele proiecte:<br>\ud835\uddd6\ud835\uddfc\ud835\uddfb\ud835\ude00\ud835\ude01\ud835\uddff\ud835\ude02\ud835\uddf6\ud835\uddff\ud835\uddf2\ud835\uddee \ud835\ude02\ud835\uddfb\ud835\uddf2\ud835\uddf6 \ud835\ude00\ud835\uddf0\ud835\uddfc\ud835\uddf9\ud835\uddf6 \ud835\uddf0\ud835\ude02 \ud835\uddf0\ud835\uddf9\ud835\uddee\ud835\ude00\ud835\uddf2\ud835\uddf9\ud835\uddf2 \ud835\udddc &#8211; \ud835\udde9\ud835\udddc\ud835\udddc\ud835\udddc, un proiect ce prevede construirea unei \u0219coli primare \u0219i gimnaziale pentru peste 600 copii, av\u00e2nd urm\u0103toarele caracteristici:<\/p>\n\n\n\n<ul class=\"wp-block-list\">\n<li>regim \u00een\u0103l\u021bime P+2E \u0219i o suprafa\u021b\u0103 construit\u0103 de 3968 mp; 24 s\u0103li de clas\u0103 ;4 laboratoare ; bibliotec\u0103 ;<br>teren de sport de 922 mp .<br>Proiect este depus pe fonduri europene POR \u0219i \u00een asociere cu Consiliul Jude\u021bean Ilfov .<br>\ud835\uddd6\ud835\uddfc\ud835\uddfb\ud835\ude00\ud835\ude01\ud835\uddff\ud835\ude02\ud835\uddf6\ud835\uddff\ud835\uddf2\ud835\uddee \ud835\ude02\ud835\uddfb\ud835\ude02\ud835\uddf6 \ud835\uddee\ud835\uddf3\ud835\ude01\ud835\uddf2\ud835\uddff\ud835\ude00\ud835\uddf0\ud835\uddf5\ud835\uddfc\ud835\uddfc\ud835\uddf9, proiect prev\u0103zut \u00een cadrul incintei \u0219colii de mai sus, av\u00e2nd urm\u0103toarele caracteristici:<\/li>\n\n\n\n<li>regim \u00een\u0103l\u021bime P+1E \u0219i o suprafa\u021b\u0103 construit\u0103 de 702 mp; 5 s\u0103li de clas\u0103; cantin\u0103 ; buc\u0103t\u0103rie .<br>\u0218i acest proiect este depus pe fonduri europene POR \u0219i \u00een asociere cu Consiliul Jude\u021bean Ilfov<br>\ud835\uddd6\ud835\uddfc\ud835\uddfb\ud835\ude00\ud835\ude01\ud835\uddff\ud835\ude02\ud835\uddf6\ud835\uddff\ud835\uddf2\ud835\uddee \ud835\ude02\ud835\uddfb\ud835\uddf2\ud835\uddf6 \ud835\uddf0\ud835\uddff\ud835\uddf2\ud835\ude00\ud835\uddf2, av\u00e2nd o capacitate pentru 60 copii \u0219i urm\u0103toarele caracteristici:<br>-regim de \u00een\u0103l\u021bime P+1E \u0219i 3731 mp suprafa\u021b\u0103 construit\u0103 ; 1070 mp spa\u021biu verde ; 500 mp loc de joac\u0103;<br>sal\u0103 multifunc\u021bional\u0103 ; buc\u0103t\u0103rie.<br>\ud835\uddd7\ud835\uddfc\ud835\ude01\ud835\uddee\ud835\uddff\ud835\uddf2\ud835\uddee \ud835\ude02\ud835\uddfb\ud835\uddf6\ud835\ude01\ud835\uddee\ud835\ude01\ud835\uddf6\ud835\uddf9\ud835\uddfc\ud835\uddff \ud835\uddf1\ud835\uddf2 \ud835\uddf6\ud835\uddfb\ud835\ude03\ud835\uddee\ud835\ude01\ud835\uddee\ud835\uddfa\ud835\uddee\ud835\uddfb\ud835\ude01 existente cu mobilier, materiale didactice \u0219i echipamente digitale, proiect finan\u021bat din fonduri PNRR \u0219i care va fi finalizat p\u00e2n\u0103 la \u00eenceputul noului an \u0219colar<br>\ud835\udde0\ud835\uddfc\ud835\uddf1\ud835\uddf2\ud835\uddff\ud835\uddfb\ud835\uddf6\ud835\ude07\ud835\uddee\ud835\uddff\ud835\uddf2\ud835\uddee \ud835\udde6\ud835\uddf0\ud835\uddfc\ud835\uddf9\ud835\uddf6\ud835\uddf6 \ud835\uddda\ud835\uddf6\ud835\uddfa\ud835\uddfb\ud835\uddee\ud835\ude07\ud835\uddf6\ud835\uddee\ud835\uddf9\ud835\uddf2 \ud835\uddda\ud835\uddf5\ud835\uddf2. \ud835\uddd6\ud835\uddfc\ud835\uddff\ud835\uddfb\ud835\uddf2\ud835\uddf9\ud835\uddf6\ud835\ude02 prin execu\u021bia urm\u0103toarelor lucr\u0103ri:<br>reabilitarea termic\u0103 a cl\u0103dirii; schimbarea t\u00e2mpl\u0103riei exterioare;<br>schimbarea centralei termice existente \u00een cl\u0103direa veche cu o central\u0103 termic\u0103 mai performant\u0103 \u0219i cu func\u021bionare \u00een condensa\u021bie ;<br>\u00eenlocuire calorifere din corpul vechi;<br>montare panouri solare pentru ap\u0103 cald\u0103 ; \u00eenlocuire re\u021bele de conducte pentru alimentarea cu energie termic\u0103 \u00een corpul vechi \u0219i montare re\u021bea de conducte noi pentru ap\u0103 cald\u0103 \u00een ambele corpuri ; reamenajare teren curte interioar\u0103 ;<br>refacere trotuar perimetral ;sistem de iluminat exterior ornamental;<br>instala\u021bie de paratr\u0103snet ;<br>refacerea zugr\u0103velilor interioare, t\u00e2mpl\u0103riei interioare \u0219i grupurilor sanitare.<br>\ud835\udde3\ud835\uddff\ud835\uddf2\ud835\uddf4\ud835\uddee\ud835\ude01\ud835\uddf6\ud835\uddff\ud835\uddf2\ud835\uddee \ud835\uddfb\ud835\uddfc\ud835\ude02\ud835\uddf9\ud835\ude02\ud835\uddf6 \ud835\uddee\ud835\uddfb \ud835\ude00\ud835\uddf0\ud835\uddfc\ud835\uddf9\ud835\uddee\ud835\uddff<br>Ca \u00een fiecare an, \u00eempreun\u0103 cu cadrele didactice, ne asigur\u0103m c\u0103 ai no\u0219tri copii sunt primi\u021bi \u00een condi\u021bii salubre \u0219i c\u0103 totul este preg\u0103tit p\u00e2n\u0103 la cel mai mic detaliu, fiecare elev va primi un cadou de \u00eenceput de an \u0219colar.<br>Cu riscul de a m\u0103 repeta, investi\u021biile \u00een educa\u021bie sunt o \ud835\uddfd\ud835\uddff\ud835\uddf6\ud835\uddfc\ud835\uddff\ud835\uddf6\ud835\ude01\ud835\uddee\ud835\ude01\ud835\uddf2 pentru mine, pentru c\u0103 ai no\u0219tri copii reprezint\u0103 \ud835\ude03\ud835\uddf6\ud835\uddf6\ud835\ude01\ud835\uddfc\ud835\uddff\ud835\ude02\ud835\uddf9, iar eu m\u0103 simt \ud835\uddff\ud835\uddf2\ud835\ude00\ud835\uddfd\ud835\uddfc\ud835\uddfb\ud835\ude00\ud835\uddee\ud835\uddef\ud835\uddf6\ud835\uddf9 s\u0103 le ofer cele mai \ud835\uddef\ud835\ude02\ud835\uddfb\ud835\uddf2 \ud835\uddf0\ud835\uddfc\ud835\uddfb\ud835\uddf1\ud835\uddf6\ud835\ude01\ud835\uddf6\ud835\uddf6&#8221;.<\/li>\n<\/ul>\n","protected":false},"excerpt":{"rendered":"<p>Adrian Ghi\u021b\u0103 a prezentat c\u00e2teva proiecte importante pentru dezvoltarea localit\u0103\u021bii ce vor firealizate \u00een perioada 2024 &#8211; 2028 \u0219i care<\/p>\n","protected":false},"author":1,"featured_media":1560,"comment_status":"open","ping_status":"open","sticky":false,"template":"","format":"standard","meta":{"om_disable_all_campaigns":false,"_monsterinsights_skip_tracking":false,"_monsterinsights_sitenote_active":false,"_monsterinsights_sitenote_note":"","_monsterinsights_sitenote_category":0,"footnotes":""},"categories":[9],"tags":[],"class_list":["post-1559","post","type-post","status-publish","format-standard","has-post-thumbnail","hentry","category-administratie"],"_links":{"self":[{"href":"https:\/\/judetulmeuilfov.com\/index.php\/wp-json\/wp\/v2\/posts\/1559","targetHints":{"allow":["GET"]}}],"collection":[{"href":"https:\/\/judetulmeuilfov.com\/index.php\/wp-json\/wp\/v2\/posts"}],"about":[{"href":"https:\/\/judetulmeuilfov.com\/index.php\/wp-json\/wp\/v2\/types\/post"}],"author":[{"embeddable":true,"href":"https:\/\/judetulmeuilfov.com\/index.php\/wp-json\/wp\/v2\/users\/1"}],"replies":[{"embeddable":true,"href":"https:\/\/judetulmeuilfov.com\/index.php\/wp-json\/wp\/v2\/comments?post=1559"}],"version-history":[{"count":1,"href":"https:\/\/judetulmeuilfov.com\/index.php\/wp-json\/wp\/v2\/posts\/1559\/revisions"}],"predecessor-version":[{"id":1561,"href":"https:\/\/judetulmeuilfov.com\/index.php\/wp-json\/wp\/v2\/posts\/1559\/revisions\/1561"}],"wp:featuredmedia":[{"embeddable":true,"href":"https:\/\/judetulmeuilfov.com\/index.php\/wp-json\/wp\/v2\/media\/1560"}],"wp:attachment":[{"href":"https:\/\/judetulmeuilfov.com\/index.php\/wp-json\/wp\/v2\/media?parent=1559"}],"wp:term":[{"taxonomy":"category","embeddable":true,"href":"https:\/\/judetulmeuilfov.com\/index.php\/wp-json\/wp\/v2\/categories?post=1559"},{"taxonomy":"post_tag","embeddable":true,"href":"https:\/\/judetulmeuilfov.com\/index.php\/wp-json\/wp\/v2\/tags?post=1559"}],"curies":[{"name":"wp","href":"https:\/\/api.w.org\/{rel}","templated":true}]}}