{"id":1556,"date":"2024-05-25T08:18:09","date_gmt":"2024-05-25T08:18:09","guid":{"rendered":"https:\/\/judetulmeuilfov.com\/?p=1556"},"modified":"2024-06-11T08:19:34","modified_gmt":"2024-06-11T08:19:34","slug":"strada-luceafarului-se-modernizeaza-in-domnesti","status":"publish","type":"post","link":"https:\/\/judetulmeuilfov.com\/index.php\/2024\/05\/25\/strada-luceafarului-se-modernizeaza-in-domnesti\/","title":{"rendered":"Strada Luceaf\u0103rului se modernizeaz\u0103 \u00een Domne\u0219ti"},"content":{"rendered":"\n<p><\/p>\n\n\n\n<p>Pentru administra\u021bia condus\u0103 de Adrian Ghi\u021b\u0103 modernizarea sistemului rutier din localitate reprezint\u0103 o prioritate, pentru urm\u0103torul mandat 2024 &#8211; 2028 se vor moderniza \u0219i asfalta multe str\u0103zi.<br>Pe 28 mai a fost semnat contractul de execu\u021bie a lucr\u0103rilor pentru strada Luceaf\u0103rului, dup\u0103 a fost finalizat\u0103 procedura de expropriere suplimentar\u0103 necesar\u0103 l\u0103rgirii acesteia la 6 metri.<br>Lucr\u0103rile vor \u00eencepe s\u0103pt\u0103m\u00e2na viitoare.<\/p>\n","protected":false},"excerpt":{"rendered":"<p>Pentru administra\u021bia condus\u0103 de Adrian Ghi\u021b\u0103 modernizarea sistemului rutier din localitate reprezint\u0103 o prioritate, pentru urm\u0103torul mandat 2024 &#8211; 2028<\/p>\n","protected":false},"author":1,"featured_media":1557,"comment_status":"open","ping_status":"open","sticky":false,"template":"","format":"standard","meta":{"om_disable_all_campaigns":false,"_monsterinsights_skip_tracking":false,"_monsterinsights_sitenote_active":false,"_monsterinsights_sitenote_note":"","_monsterinsights_sitenote_category":0,"footnotes":""},"categories":[9],"tags":[],"class_list":["post-1556","post","type-post","status-publish","format-standard","has-post-thumbnail","hentry","category-administratie"],"_links":{"self":[{"href":"https:\/\/judetulmeuilfov.com\/index.php\/wp-json\/wp\/v2\/posts\/1556","targetHints":{"allow":["GET"]}}],"collection":[{"href":"https:\/\/judetulmeuilfov.com\/index.php\/wp-json\/wp\/v2\/posts"}],"about":[{"href":"https:\/\/judetulmeuilfov.com\/index.php\/wp-json\/wp\/v2\/types\/post"}],"author":[{"embeddable":true,"href":"https:\/\/judetulmeuilfov.com\/index.php\/wp-json\/wp\/v2\/users\/1"}],"replies":[{"embeddable":true,"href":"https:\/\/judetulmeuilfov.com\/index.php\/wp-json\/wp\/v2\/comments?post=1556"}],"version-history":[{"count":1,"href":"https:\/\/judetulmeuilfov.com\/index.php\/wp-json\/wp\/v2\/posts\/1556\/revisions"}],"predecessor-version":[{"id":1558,"href":"https:\/\/judetulmeuilfov.com\/index.php\/wp-json\/wp\/v2\/posts\/1556\/revisions\/1558"}],"wp:featuredmedia":[{"embeddable":true,"href":"https:\/\/judetulmeuilfov.com\/index.php\/wp-json\/wp\/v2\/media\/1557"}],"wp:attachment":[{"href":"https:\/\/judetulmeuilfov.com\/index.php\/wp-json\/wp\/v2\/media?parent=1556"}],"wp:term":[{"taxonomy":"category","embeddable":true,"href":"https:\/\/judetulmeuilfov.com\/index.php\/wp-json\/wp\/v2\/categories?post=1556"},{"taxonomy":"post_tag","embeddable":true,"href":"https:\/\/judetulmeuilfov.com\/index.php\/wp-json\/wp\/v2\/tags?post=1556"}],"curies":[{"name":"wp","href":"https:\/\/api.w.org\/{rel}","templated":true}]}}