{"id":1536,"date":"2024-04-10T09:35:35","date_gmt":"2024-04-10T09:35:35","guid":{"rendered":"https:\/\/judetulmeuilfov.com\/?p=1536"},"modified":"2024-05-15T09:36:12","modified_gmt":"2024-05-15T09:36:12","slug":"modernizare-infrastructura-in-linie-dreapta-la-domnesti","status":"publish","type":"post","link":"https:\/\/judetulmeuilfov.com\/index.php\/2024\/04\/10\/modernizare-infrastructura-in-linie-dreapta-la-domnesti\/","title":{"rendered":"Modernizare infrastructur\u0103 \u00een linie dreapt\u0103 la Domne\u0219ti"},"content":{"rendered":"\n<p><\/p>\n\n\n\n<p>In 10 aprilie 2024 a avut loc depunerea ofertelor pentru \ud835\uddfa\ud835\uddfc\ud835\uddf1\ud835\uddf2\ud835\uddff\ud835\uddfb\ud835\uddf6\ud835\ude07\ud835\uddee\ud835\uddff\ud835\uddf2\ud835\uddee \ud835\uddf1\ud835\uddff\ud835\ude02\ud835\uddfa\ud835\ude02\ud835\uddf9\ud835\ude02\ud835\uddf6 \ud835\uddfd\ud835\uddff\ud835\uddf6\ud835\uddfb\ud835\uddf0\ud835\uddf6\ud835\uddfd\ud835\uddee\ud835\uddf9, \ud835\uddd7\ud835\udddd\ud835\udff2\ud835\udfec\ud835\udfee \ud835\udde7\ud835\ude02\ud835\uddf1\ud835\uddfc\ud835\uddff \ud835\udde9\ud835\uddf9\ud835\uddee\ud835\uddf1\ud835\uddf6\ud835\uddfa\ud835\uddf6\ud835\uddff\ud835\uddf2\ud835\ude00\ud835\uddf0\ud835\ude02, \ud835\uddf6\ud835\uddfb\ud835\ude01\ud835\uddff\ud835\uddf2 \ud835\udde3\ud835\uddee\ud835\ude00\ud835\uddee\ud835\uddf7\ud835\ude02\ud835\uddf9 \ud835\uddd7\ud835\uddfc\ud835\uddfa\ud835\uddfb\ud835\uddf2\ud835\ude00\ud835\ude01\ud835\uddf6 \ud835\ude00\ud835\uddf6 \ud835\ude00\ud835\ude01\ud835\uddff\ud835\uddee\ud835\uddf1\ud835\uddee \ud835\udde3\ud835\ude02\ud835\ude01\ud835\ude02\ud835\uddf9 \ud835\udde2\ud835\uddf9\ud835\ude01\ud835\uddf2\ud835\uddfb\ud835\uddf6.<br>La \u00eenceputul lunii februarie a avut loc lansarea unei noi licita\u021bii pentru acest nou proiect de infrastructur\u0103 rutier\u0103 de pe raza localit\u0103\u021bii Domne\u0219ti.<br>Pentru c\u0103 a fost depus\u0103 o singur\u0103 ofert\u0103, procedura de evaluare a acesteia va fi una rapid\u0103.<br>Edilul Adrian Ghi\u021b\u0103 ne-a adus urm\u0103toarele preciz\u0103ri:<br>&#8222;Dac\u0103 ofertantul \u00eentrune\u0219te toate condi\u021biile de eligibilitate, se poate semna contractul pentru elaborarea Studiului de Fezabilitate, iar durata acestuia este una scurt\u0103, de doar 8 luni.<br>Acest proiect reprezint\u0103 o munc\u0103 \u00een echip\u0103, cu implicarea Consiliului Jude\u021bean Ilfov &#8211; prin domnul pre\u0219edinte Hubert ThumaT, Ministerului Transporturilor &#8211; prin Irinel Ionel Scriosteanu &#8211; secretar de stat \u0219i Cristian Pistol &#8211; directorul general CNAIR, c\u0103rora le mul\u021bumesc pentru sprijinul acordat localit\u0103\u021bii noastre&#8221;.<\/p>\n","protected":false},"excerpt":{"rendered":"<p>In 10 aprilie 2024 a avut loc depunerea ofertelor pentru \ud835\uddfa\ud835\uddfc\ud835\uddf1\ud835\uddf2\ud835\uddff\ud835\uddfb\ud835\uddf6\ud835\ude07\ud835\uddee\ud835\uddff\ud835\uddf2\ud835\uddee \ud835\uddf1\ud835\uddff\ud835\ude02\ud835\uddfa\ud835\ude02\ud835\uddf9\ud835\ude02\ud835\uddf6 \ud835\uddfd\ud835\uddff\ud835\uddf6\ud835\uddfb\ud835\uddf0\ud835\uddf6\ud835\uddfd\ud835\uddee\ud835\uddf9, \ud835\uddd7\ud835\udddd\ud835\udff2\ud835\udfec\ud835\udfee \ud835\udde7\ud835\ude02\ud835\uddf1\ud835\uddfc\ud835\uddff \ud835\udde9\ud835\uddf9\ud835\uddee\ud835\uddf1\ud835\uddf6\ud835\uddfa\ud835\uddf6\ud835\uddff\ud835\uddf2\ud835\ude00\ud835\uddf0\ud835\ude02, \ud835\uddf6\ud835\uddfb\ud835\ude01\ud835\uddff\ud835\uddf2 \ud835\udde3\ud835\uddee\ud835\ude00\ud835\uddee\ud835\uddf7\ud835\ude02\ud835\uddf9 \ud835\uddd7\ud835\uddfc\ud835\uddfa\ud835\uddfb\ud835\uddf2\ud835\ude00\ud835\ude01\ud835\uddf6 \ud835\ude00\ud835\uddf6<\/p>\n","protected":false},"author":1,"featured_media":1537,"comment_status":"open","ping_status":"open","sticky":false,"template":"","format":"standard","meta":{"om_disable_all_campaigns":false,"_monsterinsights_skip_tracking":false,"_monsterinsights_sitenote_active":false,"_monsterinsights_sitenote_note":"","_monsterinsights_sitenote_category":0,"footnotes":""},"categories":[9],"tags":[],"class_list":["post-1536","post","type-post","status-publish","format-standard","has-post-thumbnail","hentry","category-administratie"],"_links":{"self":[{"href":"https:\/\/judetulmeuilfov.com\/index.php\/wp-json\/wp\/v2\/posts\/1536","targetHints":{"allow":["GET"]}}],"collection":[{"href":"https:\/\/judetulmeuilfov.com\/index.php\/wp-json\/wp\/v2\/posts"}],"about":[{"href":"https:\/\/judetulmeuilfov.com\/index.php\/wp-json\/wp\/v2\/types\/post"}],"author":[{"embeddable":true,"href":"https:\/\/judetulmeuilfov.com\/index.php\/wp-json\/wp\/v2\/users\/1"}],"replies":[{"embeddable":true,"href":"https:\/\/judetulmeuilfov.com\/index.php\/wp-json\/wp\/v2\/comments?post=1536"}],"version-history":[{"count":1,"href":"https:\/\/judetulmeuilfov.com\/index.php\/wp-json\/wp\/v2\/posts\/1536\/revisions"}],"predecessor-version":[{"id":1538,"href":"https:\/\/judetulmeuilfov.com\/index.php\/wp-json\/wp\/v2\/posts\/1536\/revisions\/1538"}],"wp:featuredmedia":[{"embeddable":true,"href":"https:\/\/judetulmeuilfov.com\/index.php\/wp-json\/wp\/v2\/media\/1537"}],"wp:attachment":[{"href":"https:\/\/judetulmeuilfov.com\/index.php\/wp-json\/wp\/v2\/media?parent=1536"}],"wp:term":[{"taxonomy":"category","embeddable":true,"href":"https:\/\/judetulmeuilfov.com\/index.php\/wp-json\/wp\/v2\/categories?post=1536"},{"taxonomy":"post_tag","embeddable":true,"href":"https:\/\/judetulmeuilfov.com\/index.php\/wp-json\/wp\/v2\/tags?post=1536"}],"curies":[{"name":"wp","href":"https:\/\/api.w.org\/{rel}","templated":true}]}}