{"id":1514,"date":"2024-03-18T06:41:12","date_gmt":"2024-03-18T06:41:12","guid":{"rendered":"https:\/\/judetulmeuilfov.com\/?p=1514"},"modified":"2024-04-04T06:41:37","modified_gmt":"2024-04-04T06:41:37","slug":"modernizarea-strazii-intrarea-teiului-din-domnesti","status":"publish","type":"post","link":"https:\/\/judetulmeuilfov.com\/index.php\/2024\/03\/18\/modernizarea-strazii-intrarea-teiului-din-domnesti\/","title":{"rendered":"Modernizarea str\u0103zii Intrarea Teiului din Domne\u0219ti"},"content":{"rendered":"\n<p><\/p>\n\n\n\n<p>Lucr\u0103rile de infrastructur\u0103 sunt o prioritate pentru administra\u021bia din comuna Domne\u0219ti condus\u0103 de primarul Adrian Ghi\u021b\u0103. In data de 15 martie s-a semnat un nou contract pentru un nou proiect rutier, care vizeaz\u0103 \ud835\uddfa\ud835\uddfc\ud835\uddf1\ud835\uddf2\ud835\uddff\ud835\uddfb\ud835\uddf6\ud835\ude07\ud835\uddee\ud835\uddff\ud835\uddf2\ud835\uddee \ud835\ude00\ud835\ude01\ud835\uddff\ud835\uddee\ud835\ude07\ud835\uddf6\ud835\uddf6 \ud835\udddc\ud835\uddfb\ud835\ude01\ud835\uddff\ud835\uddee\ud835\uddff\ud835\uddf2\ud835\uddee \ud835\udde7\ud835\uddf2\ud835\uddf6\ud835\ude02\ud835\uddf9\ud835\ude02\ud835\uddf6.<br>Edilul ne-a precizat detalii referitoare la execu\u021bia lucr\u0103rii:<br>&#8221; Intrarea Teiului fiind o strad\u0103 cu o lungime de 1041 metri \u0219i cu doar 4 metri l\u0103\u021bime \u00een domeniul public, am considerat c\u0103 este necesar\u0103 l\u0103rgirea acesteia la \ud835\udfee \ud835\uddef\ud835\uddf2\ud835\uddfb\ud835\ude07\ud835\uddf6 \ud835\uddf1\ud835\uddf2 \ud835\uddf0\ud835\uddf6\ud835\uddff\ud835\uddf0\ud835\ude02\ud835\uddf9\ud835\uddee\ud835\ude01\ud835\uddf6\ud835\uddf2. Astfel, \u00een vederea asigur\u0103rii circula\u021biei rutiere pe 2 benzi, a fost necesar\u0103 demararea procedurii de expropriere pentru cauz\u0103 de utilitate public\u0103 a unei suprafe\u021be de 1800 mp, la finalul lucr\u0103rilor de modernizare, Intrarea Teiului va avea 6 metri l\u0103\u021bime carosabil.<br>Dup\u0103 cum \u0219ti\u021bi, lucr\u0103rile de iluminat public \u0219i de extindere a re\u021belelor de ap\u0103 \u0219i canalizare \u0219i gaze naturale deja au fost realizate pe aceast\u0103 strad\u0103, astfel c\u0103 aceast\u0103 asfaltare va fi ultimul disconfort pe care \u00eel ve\u021bi resim\u021bi.<br>Lucr\u0103rile vor \u00eencepe imediat dup\u0103 constituirea garan\u021biei de bun\u0103 execu\u021bie, respectiv dup\u0103 data de 20 martie, iar termenul acestora de finalizare este de 3 luni, din care 1 lun\u0103 pentru proiectare \u0219i verificare tehnic\u0103 \u0219i 2 luni pentru execu\u021bie&#8221;.<\/p>\n","protected":false},"excerpt":{"rendered":"<p>Lucr\u0103rile de infrastructur\u0103 sunt o prioritate pentru administra\u021bia din comuna Domne\u0219ti condus\u0103 de primarul Adrian Ghi\u021b\u0103. In data de 15<\/p>\n","protected":false},"author":1,"featured_media":1515,"comment_status":"open","ping_status":"open","sticky":false,"template":"","format":"standard","meta":{"om_disable_all_campaigns":false,"_monsterinsights_skip_tracking":false,"_monsterinsights_sitenote_active":false,"_monsterinsights_sitenote_note":"","_monsterinsights_sitenote_category":0,"footnotes":""},"categories":[9],"tags":[],"class_list":["post-1514","post","type-post","status-publish","format-standard","has-post-thumbnail","hentry","category-administratie"],"_links":{"self":[{"href":"https:\/\/judetulmeuilfov.com\/index.php\/wp-json\/wp\/v2\/posts\/1514","targetHints":{"allow":["GET"]}}],"collection":[{"href":"https:\/\/judetulmeuilfov.com\/index.php\/wp-json\/wp\/v2\/posts"}],"about":[{"href":"https:\/\/judetulmeuilfov.com\/index.php\/wp-json\/wp\/v2\/types\/post"}],"author":[{"embeddable":true,"href":"https:\/\/judetulmeuilfov.com\/index.php\/wp-json\/wp\/v2\/users\/1"}],"replies":[{"embeddable":true,"href":"https:\/\/judetulmeuilfov.com\/index.php\/wp-json\/wp\/v2\/comments?post=1514"}],"version-history":[{"count":1,"href":"https:\/\/judetulmeuilfov.com\/index.php\/wp-json\/wp\/v2\/posts\/1514\/revisions"}],"predecessor-version":[{"id":1516,"href":"https:\/\/judetulmeuilfov.com\/index.php\/wp-json\/wp\/v2\/posts\/1514\/revisions\/1516"}],"wp:featuredmedia":[{"embeddable":true,"href":"https:\/\/judetulmeuilfov.com\/index.php\/wp-json\/wp\/v2\/media\/1515"}],"wp:attachment":[{"href":"https:\/\/judetulmeuilfov.com\/index.php\/wp-json\/wp\/v2\/media?parent=1514"}],"wp:term":[{"taxonomy":"category","embeddable":true,"href":"https:\/\/judetulmeuilfov.com\/index.php\/wp-json\/wp\/v2\/categories?post=1514"},{"taxonomy":"post_tag","embeddable":true,"href":"https:\/\/judetulmeuilfov.com\/index.php\/wp-json\/wp\/v2\/tags?post=1514"}],"curies":[{"name":"wp","href":"https:\/\/api.w.org\/{rel}","templated":true}]}}