{"id":1512,"date":"2024-03-20T06:37:42","date_gmt":"2024-03-20T06:37:42","guid":{"rendered":"https:\/\/judetulmeuilfov.com\/?p=1512"},"modified":"2024-04-04T06:42:55","modified_gmt":"2024-04-04T06:42:55","slug":"scoala-gimnaziala-gheorghe-corneliuse-modernizeaza","status":"publish","type":"post","link":"https:\/\/judetulmeuilfov.com\/index.php\/2024\/03\/20\/scoala-gimnaziala-gheorghe-corneliuse-modernizeaza\/","title":{"rendered":"\u0218coala Gimnazial\u0103 &#8222;Gheorghe Corneliu&#8221;se modernizeaz\u0103"},"content":{"rendered":"\n<p><\/p>\n\n\n\n<p>In 2023 a fost semnat un contract de finan\u021bare cu Administra\u021bia Fondului pentru Mediu \u0219i prim\u0103ria din Domne\u0219ti ce presupune modernizarea \u0218colii Gimnaziale &#8222;Gheorghe Corneliu&#8221; privind eficien\u021ba energetic\u0103.<br>Edilul Adrian Ghi\u021b\u0103 \u00eempreun\u0103 cu departamentul de achizi\u021bii al prim\u0103riei s-au ocupat de procedurile de licita\u021bie necesare, iar \u00een scurt timp, \ud835\ude03\ud835\uddfcr \ud835\uddf6\ud835\uddfb\ud835\uddf0\ud835\uddf2\ud835\uddfd\ud835\uddf2 \ud835\uddf9\ud835\ude02\ud835\uddf0\ud835\uddff\ud835\uddee\ud835\uddff\ud835\uddf6\ud835\uddf9\ud835\uddf2 \ud835\uddf1\ud835\uddf2 \ud835\uddfa\ud835\uddfc\ud835\uddf1\ud835\uddf2\ud835\uddff\ud835\uddfb\ud835\uddf6\ud835\ude07\ud835\uddee\ud835\uddff\ud835\uddf2, ce presupun: reabilitarea termic\u0103 a cl\u0103dirii; schimbarea t\u00e2mpl\u0103riei exterioare; schimbarea centralei termice existente \u00een cl\u0103direa veche cu o central\u0103 termic\u0103 mai performant\u0103 \u0219i cu func\u021bionare \u00een condensa\u021bie ;<br>\u00eenlocuire calorifere din corpul vechi;<br>montare panouri solare pentru ap\u0103 cald\u0103 ; \u00eenlocuire re\u021bele de conducte pentru alimentarea cu energie termic\u0103 \u00een corpul vechi \u0219i montare re\u021bea de conducte noi pentru ap\u0103 cald\u0103 \u00een ambele corpuri ; reamenajare teren curte interioar\u0103 ;<br>refacere trotuar perimetral ; sistem de iluminat exterior ornamental; instala\u021bie de paratr\u0103snet .<br>Tot \u00een acest proiect se execut\u0103 \u0219i refacerea interiorului institu\u021bie: zugr\u0103velilor interioare ;<br>t\u00e2mpl\u0103riei interioare; grupurilor sanitare.<br>P\u0103rin\u021bii \u0219i cadrele didactice trebuie sa fie \u00een\u021beleg\u0103tori pentru c\u0103 au fost eliberate clasele, lucr\u0103rile executandu-se simultan cu orele de curs, astfel \u00eenc\u00e2t s\u0103 se finalizeze acest proiect p\u00e2n\u0103 la \u00eenceperea noului an \u0219colar!<\/p>\n","protected":false},"excerpt":{"rendered":"<p>In 2023 a fost semnat un contract de finan\u021bare cu Administra\u021bia Fondului pentru Mediu \u0219i prim\u0103ria din Domne\u0219ti ce presupune<\/p>\n","protected":false},"author":1,"featured_media":1517,"comment_status":"open","ping_status":"open","sticky":false,"template":"","format":"standard","meta":{"om_disable_all_campaigns":false,"_monsterinsights_skip_tracking":false,"_monsterinsights_sitenote_active":false,"_monsterinsights_sitenote_note":"","_monsterinsights_sitenote_category":0,"footnotes":""},"categories":[9],"tags":[],"class_list":["post-1512","post","type-post","status-publish","format-standard","has-post-thumbnail","hentry","category-administratie"],"_links":{"self":[{"href":"https:\/\/judetulmeuilfov.com\/index.php\/wp-json\/wp\/v2\/posts\/1512","targetHints":{"allow":["GET"]}}],"collection":[{"href":"https:\/\/judetulmeuilfov.com\/index.php\/wp-json\/wp\/v2\/posts"}],"about":[{"href":"https:\/\/judetulmeuilfov.com\/index.php\/wp-json\/wp\/v2\/types\/post"}],"author":[{"embeddable":true,"href":"https:\/\/judetulmeuilfov.com\/index.php\/wp-json\/wp\/v2\/users\/1"}],"replies":[{"embeddable":true,"href":"https:\/\/judetulmeuilfov.com\/index.php\/wp-json\/wp\/v2\/comments?post=1512"}],"version-history":[{"count":1,"href":"https:\/\/judetulmeuilfov.com\/index.php\/wp-json\/wp\/v2\/posts\/1512\/revisions"}],"predecessor-version":[{"id":1513,"href":"https:\/\/judetulmeuilfov.com\/index.php\/wp-json\/wp\/v2\/posts\/1512\/revisions\/1513"}],"wp:featuredmedia":[{"embeddable":true,"href":"https:\/\/judetulmeuilfov.com\/index.php\/wp-json\/wp\/v2\/media\/1517"}],"wp:attachment":[{"href":"https:\/\/judetulmeuilfov.com\/index.php\/wp-json\/wp\/v2\/media?parent=1512"}],"wp:term":[{"taxonomy":"category","embeddable":true,"href":"https:\/\/judetulmeuilfov.com\/index.php\/wp-json\/wp\/v2\/categories?post=1512"},{"taxonomy":"post_tag","embeddable":true,"href":"https:\/\/judetulmeuilfov.com\/index.php\/wp-json\/wp\/v2\/tags?post=1512"}],"curies":[{"name":"wp","href":"https:\/\/api.w.org\/{rel}","templated":true}]}}