{"id":1359,"date":"2023-09-14T05:19:29","date_gmt":"2023-09-14T05:19:29","guid":{"rendered":"https:\/\/judetulmeuilfov.com\/?p=1359"},"modified":"2023-09-14T05:19:40","modified_gmt":"2023-09-14T05:19:40","slug":"1359","status":"publish","type":"post","link":"https:\/\/judetulmeuilfov.com\/index.php\/2023\/09\/14\/1359\/","title":{"rendered":"Deschidere an \u0219colar la Gruiu"},"content":{"rendered":"\n<p><\/p>\n\n\n\n<p>Vicepre\u0219edintele CJ Ilfov Stefan Radulescu a participat \u00eempreun\u0103 cu primarul Ion Samoil\u0103 \u0219i cu viceprimarul George Ghiulea la deschiderea anului \u0219colar 2023-2024 in Gruiu.<\/p>\n\n\n\n<p>Acesta a declarat cu aceast\u0103 ocazie :<\/p>\n\n\n\n<p>&#8221; \u00cen curtea \u0219colii, am sim\u021bit emo\u021bia pe care au tr\u0103it-o copiii, atunci c\u00e2nd s-au rev\u0103zut dup\u0103 vacan\u021b\u0103. \u00cen acela\u0219i timp, am avut un sentiment de speran\u021b\u0103 c\u0103 viitorul este pe m\u00e2ini bune. Educa\u021bia este temelia dezvolt\u0103rii, iar fiecare copil <a><\/a>merit\u0103 s\u0103 aib\u0103 acces la o educa\u021bie de calitate, pentru a-\u0219i putea atinge poten\u021bialul.<\/p>\n\n\n\n<p>Consiliul Judetean Ilfov a preg\u0103tit 3.000 de pachete cu ghiozdane, rechizite \u0219i materiale didactice auxiliare, astfel \u00eenc\u00e2t copiii s\u0103 \u00eenceap\u0103 noul an \u0219colar cu dreptul. Au beneficiat de acest ajutor elevi din Gruiu, Buftea \u0219i Pantelimon, \u00een cadrul proiectului ,,\u0218anse egale la educa\u021bie\u201d, realizat de CJ Ilfov, \u00een parteneriat cu Inspectoratul \u0218colar Jude\u021bean Ilfov \u0219i prim\u0103riile din cele trei localit\u0103\u021bi&#8221;.<\/p>\n\n\n\n<p>Succes tuturor elevilor \u0219i cadrelor didactice \u00een noul an \u0219colar.<\/p>\n","protected":false},"excerpt":{"rendered":"<p>Vicepre\u0219edintele CJ Ilfov Stefan Radulescu a participat \u00eempreun\u0103 cu primarul Ion Samoil\u0103 \u0219i cu viceprimarul George Ghiulea la deschiderea anului<\/p>\n","protected":false},"author":1,"featured_media":1360,"comment_status":"open","ping_status":"open","sticky":false,"template":"","format":"standard","meta":{"om_disable_all_campaigns":false,"_monsterinsights_skip_tracking":false,"_monsterinsights_sitenote_active":false,"_monsterinsights_sitenote_note":"","_monsterinsights_sitenote_category":0,"footnotes":""},"categories":[9,13],"tags":[],"class_list":["post-1359","post","type-post","status-publish","format-standard","has-post-thumbnail","hentry","category-administratie","category-educatie"],"_links":{"self":[{"href":"https:\/\/judetulmeuilfov.com\/index.php\/wp-json\/wp\/v2\/posts\/1359","targetHints":{"allow":["GET"]}}],"collection":[{"href":"https:\/\/judetulmeuilfov.com\/index.php\/wp-json\/wp\/v2\/posts"}],"about":[{"href":"https:\/\/judetulmeuilfov.com\/index.php\/wp-json\/wp\/v2\/types\/post"}],"author":[{"embeddable":true,"href":"https:\/\/judetulmeuilfov.com\/index.php\/wp-json\/wp\/v2\/users\/1"}],"replies":[{"embeddable":true,"href":"https:\/\/judetulmeuilfov.com\/index.php\/wp-json\/wp\/v2\/comments?post=1359"}],"version-history":[{"count":2,"href":"https:\/\/judetulmeuilfov.com\/index.php\/wp-json\/wp\/v2\/posts\/1359\/revisions"}],"predecessor-version":[{"id":1362,"href":"https:\/\/judetulmeuilfov.com\/index.php\/wp-json\/wp\/v2\/posts\/1359\/revisions\/1362"}],"wp:featuredmedia":[{"embeddable":true,"href":"https:\/\/judetulmeuilfov.com\/index.php\/wp-json\/wp\/v2\/media\/1360"}],"wp:attachment":[{"href":"https:\/\/judetulmeuilfov.com\/index.php\/wp-json\/wp\/v2\/media?parent=1359"}],"wp:term":[{"taxonomy":"category","embeddable":true,"href":"https:\/\/judetulmeuilfov.com\/index.php\/wp-json\/wp\/v2\/categories?post=1359"},{"taxonomy":"post_tag","embeddable":true,"href":"https:\/\/judetulmeuilfov.com\/index.php\/wp-json\/wp\/v2\/tags?post=1359"}],"curies":[{"name":"wp","href":"https:\/\/api.w.org\/{rel}","templated":true}]}}