{"id":1349,"date":"2023-08-29T06:32:07","date_gmt":"2023-08-29T06:32:07","guid":{"rendered":"https:\/\/judetulmeuilfov.com\/?p=1349"},"modified":"2023-09-06T06:39:08","modified_gmt":"2023-09-06T06:39:08","slug":"modernizarea-unitatilor-de-invatamant-din-domnesti","status":"publish","type":"post","link":"https:\/\/judetulmeuilfov.com\/index.php\/2023\/08\/29\/modernizarea-unitatilor-de-invatamant-din-domnesti\/","title":{"rendered":"Modernizarea unit\u0103\u021bilor de \u00eenv\u0103\u021b\u0103m\u00e2nt din Domne\u0219ti"},"content":{"rendered":"\n<p><\/p>\n\n\n\n<p>Pentru administra\u021bia din Domne\u0219ti educa\u021bia copiilor reprezint\u0103 o prioritate. Primarul Adrian Ghi\u021b\u0103 ne-a anun\u021bat c\u0103 s-a semnat contractul de finan\u021bare pentru modernizarea unit\u0103\u021bilor de \u00eenv\u0103\u021b\u0103m\u00e2nt din Domne\u0219ti, respectiv pentru Gr\u0103dini\u021ba cu program prelungit &#8222;T\u0103r\u00e2mul prietenei&#8221; \u0219i \u0218coala Gimnazial\u0103 &#8222;Gheorghe Corneliu&#8221;, ce presupune dotarea acestora cu mobilier, materiale didactice \u0219i echipamente digitale.<br>Mai concret, unit\u0103\u021bile \u0219colare vor beneficia de:<\/p>\n\n\n\n<ul class=\"wp-block-list\">\n<li>laborator informatic\u0103<\/li>\n\n\n\n<li>laborator \u0219tiin\u021be<\/li>\n\n\n\n<li>mobilier pentru s\u0103lile de clas\u0103 (33 s\u0103li)<\/li>\n\n\n\n<li>echipamente digitale pentru clase: tabl\u0103 interactiv\u0103, mobilier, sistem sunet, camere video pentru videoconferin\u021b\u0103, router wifi, monitoare\u2026<\/li>\n\n\n\n<li>mobilier specific \u0219i materiale didactice necesare desf\u0103\u0219ur\u0103rii activit\u0103\u021bilor sportive \u0219i cabinet psihopedagogic<br>Edilul ne-a precizat:<br>&#8221; Am reu\u0219it s\u0103 ob\u021binem pu\u021bin peste 2 milioane de lei prin PNRR pentru aceste dot\u0103ri, iar \u00een scurt timp vom demara \u0219i procedurile de achizi\u021bie.<br>Mai mult, acesta este cel de-al doilea contract de finan\u021bare ob\u021binut anul acesta pentru \u0219coal\u0103 , primul fiind cel de la AFM, pentru cre\u0219terea eficien\u021bei energetice. \u00cencerc\u0103m s\u0103 finaliz\u0103m cele 2 proiecte de modernizare a \u0219colii (dotare cu echipamente \u0219i mobilier \u0219i cre\u0219tere eficien\u021bei energetice) p\u00e2n\u0103 la \u00eenceperea noului an \u0219colar din 2024&#8243;.<\/li>\n<\/ul>\n","protected":false},"excerpt":{"rendered":"<p>Pentru administra\u021bia din Domne\u0219ti educa\u021bia copiilor reprezint\u0103 o prioritate. Primarul Adrian Ghi\u021b\u0103 ne-a anun\u021bat c\u0103 s-a semnat contractul de finan\u021bare<\/p>\n","protected":false},"author":1,"featured_media":1350,"comment_status":"open","ping_status":"open","sticky":false,"template":"","format":"standard","meta":{"om_disable_all_campaigns":false,"_monsterinsights_skip_tracking":false,"_monsterinsights_sitenote_active":false,"_monsterinsights_sitenote_note":"","_monsterinsights_sitenote_category":0,"footnotes":""},"categories":[9],"tags":[],"class_list":["post-1349","post","type-post","status-publish","format-standard","has-post-thumbnail","hentry","category-administratie"],"_links":{"self":[{"href":"https:\/\/judetulmeuilfov.com\/index.php\/wp-json\/wp\/v2\/posts\/1349","targetHints":{"allow":["GET"]}}],"collection":[{"href":"https:\/\/judetulmeuilfov.com\/index.php\/wp-json\/wp\/v2\/posts"}],"about":[{"href":"https:\/\/judetulmeuilfov.com\/index.php\/wp-json\/wp\/v2\/types\/post"}],"author":[{"embeddable":true,"href":"https:\/\/judetulmeuilfov.com\/index.php\/wp-json\/wp\/v2\/users\/1"}],"replies":[{"embeddable":true,"href":"https:\/\/judetulmeuilfov.com\/index.php\/wp-json\/wp\/v2\/comments?post=1349"}],"version-history":[{"count":1,"href":"https:\/\/judetulmeuilfov.com\/index.php\/wp-json\/wp\/v2\/posts\/1349\/revisions"}],"predecessor-version":[{"id":1351,"href":"https:\/\/judetulmeuilfov.com\/index.php\/wp-json\/wp\/v2\/posts\/1349\/revisions\/1351"}],"wp:featuredmedia":[{"embeddable":true,"href":"https:\/\/judetulmeuilfov.com\/index.php\/wp-json\/wp\/v2\/media\/1350"}],"wp:attachment":[{"href":"https:\/\/judetulmeuilfov.com\/index.php\/wp-json\/wp\/v2\/media?parent=1349"}],"wp:term":[{"taxonomy":"category","embeddable":true,"href":"https:\/\/judetulmeuilfov.com\/index.php\/wp-json\/wp\/v2\/categories?post=1349"},{"taxonomy":"post_tag","embeddable":true,"href":"https:\/\/judetulmeuilfov.com\/index.php\/wp-json\/wp\/v2\/tags?post=1349"}],"curies":[{"name":"wp","href":"https:\/\/api.w.org\/{rel}","templated":true}]}}