{"id":1333,"date":"2023-07-14T07:21:18","date_gmt":"2023-07-14T07:21:18","guid":{"rendered":"https:\/\/judetulmeuilfov.com\/?p=1333"},"modified":"2023-08-08T07:21:41","modified_gmt":"2023-08-08T07:21:41","slug":"strada-salciei-se-modernizeaza","status":"publish","type":"post","link":"https:\/\/judetulmeuilfov.com\/index.php\/2023\/07\/14\/strada-salciei-se-modernizeaza\/","title":{"rendered":"Strada Salciei se modernizeaz\u0103"},"content":{"rendered":"\n<p>Strada Salciei a intrat \u00een proces de modernizare. Lucrarile au \u00eenceput imediat dup\u0103 dup\u0103 ordinul de \u00eencepere emis pe 3 iulie.<br>Constructorul a demarat lucr\u0103rile la terasamente, iar termenul de finalizare a moderniz\u0103rii acestei str\u0103zi este peste 3 luni.<br>Strada Salciei are o lungime de aproximativ 730 metri \u0219i va asigura leg\u0103tura \u00eentre strada Cioc\u00e2rliei (modernizat\u0103 deja) \u0219i strada Haltei. Apoi, din strada Cioc\u00e2rliei, se asigur\u0103 leg\u0103tura cu Strada Ciutaci (modernizat\u0103) cu ie\u0219ire c\u0103tre \u0218oseaua Tudor Vladimirescu \u0219i Centura Bucure\u0219ti.<\/p>\n","protected":false},"excerpt":{"rendered":"<p>Strada Salciei a intrat \u00een proces de modernizare. Lucrarile au \u00eenceput imediat dup\u0103 dup\u0103 ordinul de \u00eencepere emis pe 3<\/p>\n","protected":false},"author":1,"featured_media":1334,"comment_status":"open","ping_status":"open","sticky":false,"template":"","format":"standard","meta":{"om_disable_all_campaigns":false,"_monsterinsights_skip_tracking":false,"_monsterinsights_sitenote_active":false,"_monsterinsights_sitenote_note":"","_monsterinsights_sitenote_category":0,"footnotes":""},"categories":[9],"tags":[],"class_list":["post-1333","post","type-post","status-publish","format-standard","has-post-thumbnail","hentry","category-administratie"],"_links":{"self":[{"href":"https:\/\/judetulmeuilfov.com\/index.php\/wp-json\/wp\/v2\/posts\/1333","targetHints":{"allow":["GET"]}}],"collection":[{"href":"https:\/\/judetulmeuilfov.com\/index.php\/wp-json\/wp\/v2\/posts"}],"about":[{"href":"https:\/\/judetulmeuilfov.com\/index.php\/wp-json\/wp\/v2\/types\/post"}],"author":[{"embeddable":true,"href":"https:\/\/judetulmeuilfov.com\/index.php\/wp-json\/wp\/v2\/users\/1"}],"replies":[{"embeddable":true,"href":"https:\/\/judetulmeuilfov.com\/index.php\/wp-json\/wp\/v2\/comments?post=1333"}],"version-history":[{"count":1,"href":"https:\/\/judetulmeuilfov.com\/index.php\/wp-json\/wp\/v2\/posts\/1333\/revisions"}],"predecessor-version":[{"id":1335,"href":"https:\/\/judetulmeuilfov.com\/index.php\/wp-json\/wp\/v2\/posts\/1333\/revisions\/1335"}],"wp:featuredmedia":[{"embeddable":true,"href":"https:\/\/judetulmeuilfov.com\/index.php\/wp-json\/wp\/v2\/media\/1334"}],"wp:attachment":[{"href":"https:\/\/judetulmeuilfov.com\/index.php\/wp-json\/wp\/v2\/media?parent=1333"}],"wp:term":[{"taxonomy":"category","embeddable":true,"href":"https:\/\/judetulmeuilfov.com\/index.php\/wp-json\/wp\/v2\/categories?post=1333"},{"taxonomy":"post_tag","embeddable":true,"href":"https:\/\/judetulmeuilfov.com\/index.php\/wp-json\/wp\/v2\/tags?post=1333"}],"curies":[{"name":"wp","href":"https:\/\/api.w.org\/{rel}","templated":true}]}}