{"id":1264,"date":"2023-06-21T06:26:44","date_gmt":"2023-06-21T06:26:44","guid":{"rendered":"https:\/\/judetulmeuilfov.com\/?p=1264"},"modified":"2023-06-23T06:27:14","modified_gmt":"2023-06-23T06:27:14","slug":"tabara-de-vara-summer-sup-kids-camp","status":"publish","type":"post","link":"https:\/\/judetulmeuilfov.com\/index.php\/2023\/06\/21\/tabara-de-vara-summer-sup-kids-camp\/","title":{"rendered":"Tabara de var\u0103 &#8211; Summer SUP Kids Camp"},"content":{"rendered":"\n<p><\/p>\n\n\n\n<p>Complexul Sportiv Na\u021bional Nicolae Navasart g\u0103zduie\u0219te \u00eencep\u00e2nd cu 20 iunie taberele de var\u0103 pentru copii ce se vor desf\u0103\u0219ura S\u0102PT\u0102M\u00c2NAL \u00een perioada 20 iunie &#8211; 15 septembrie 2023.<\/p>\n\n\n\n<p>\u00censcrierile au \u00eenceput deja, cei mici vor avea parte de zile pline de informa\u021bii referitoare la sporturile pe ap\u0103.<\/p>\n\n\n\n<p>Va fi o tabara cu activitati sportive diverse, unde cei mici se vor distra, isi vor face prieteni noi, vor face <a><\/a>miscare si vor descoperi toate beneficiile pe care sportul le poate oferi.<\/p>\n\n\n\n<p>\ud835\udc0f\ud835\udc2b\ud835\udc28\ud835\udc20\ud835\udc2b\ud835\udc1a\ud835\udc26 s\u0103pt\u0103m\u00e2nal :<\/p>\n\n\n\n<p>&#8211; 9.30 &#8211; Sosirea la Snagov<\/p>\n\n\n\n<p>&#8211; 10.00 &#8211; 12.30 Activitate sportiv\u0103 divers\u0103 SUP, kaiac, bicicleta, fotbal etc.<\/p>\n\n\n\n<p>&#8211; 13.00 &#8211; Masa de pr\u00e2nz<\/p>\n\n\n\n<p>&#8211; 14.00 &#8211; 16.00 Activitate sportiv\u0103 divers\u0103<\/p>\n\n\n\n<p>Pre\u021b 1 zi: 250 lei\/copil<\/p>\n\n\n\n<p>Pachet 5 zile: 1000 lei\/copil<\/p>\n\n\n\n<p>Campioni mondiali \u0219i europeni la kaiac-canoe, Petre Condrat \u0219i Andrei Frusinoiu sunt cei care \u00eei vor \u00eenv\u0103\u021ba pe copii tainele sportului pe ap\u0103.<\/p>\n\n\n\n<p>P\u0103rin\u021bii care vor sa ofere copiilor o surpriz\u0103 \u00eei pot \u00eenscrie la numerele de telefon : 0730333364 \/ 0774639148 <\/p>\n\n\n\n<p>\u00censcrierile se pot face pentru orice perioada din var\u0103.<\/p>\n\n\n\n<p>&#8221; V\u0103 a\u0219tept\u0103m cu SUP&#8217;er entuziasm!<\/p>\n\n\n\n<p>Echipa Kaiac-SUP&#8217;er Travels&#8221;<\/p>\n\n\n\n<p>Petre \u0219i Andrei<\/p>\n\n\n\n<p>Site web: <a href=\"https:\/\/csnnavasart.ro\/index.html?fbclid=IwAR3upFY4YwPW19kjfbiwcPMK4csYMhVH0ZWP0TwLlc8Mz-Ws1kslckfU_sg\" target=\"_blank\" rel=\"noreferrer noopener\">https:\/\/csnnavasart.ro\/index.html<\/a><\/p>\n\n\n\n<figure class=\"wp-block-gallery has-nested-images columns-default is-cropped wp-block-gallery-1 is-layout-flex wp-block-gallery-is-layout-flex\">\n<figure class=\"wp-block-image size-large\"><img loading=\"lazy\" decoding=\"async\" width=\"526\" height=\"701\" data-id=\"1266\" src=\"https:\/\/judetulmeuilfov.com\/wp-content\/uploads\/2023\/06\/sup-camp-1.jpg\" alt=\"\" class=\"wp-image-1266\" srcset=\"https:\/\/judetulmeuilfov.com\/wp-content\/uploads\/2023\/06\/sup-camp-1.jpg 526w, https:\/\/judetulmeuilfov.com\/wp-content\/uploads\/2023\/06\/sup-camp-1-225x300.jpg 225w\" sizes=\"auto, (max-width: 526px) 100vw, 526px\" \/><\/figure>\n<\/figure>\n","protected":false},"excerpt":{"rendered":"<p>Complexul Sportiv Na\u021bional Nicolae Navasart g\u0103zduie\u0219te \u00eencep\u00e2nd cu 20 iunie taberele de var\u0103 pentru copii ce se vor desf\u0103\u0219ura S\u0102PT\u0102M\u00c2NAL<\/p>\n","protected":false},"author":1,"featured_media":1265,"comment_status":"open","ping_status":"open","sticky":false,"template":"","format":"standard","meta":{"om_disable_all_campaigns":false,"_monsterinsights_skip_tracking":false,"_monsterinsights_sitenote_active":false,"_monsterinsights_sitenote_note":"","_monsterinsights_sitenote_category":0,"footnotes":""},"categories":[14],"tags":[],"class_list":["post-1264","post","type-post","status-publish","format-standard","has-post-thumbnail","hentry","category-sport"],"_links":{"self":[{"href":"https:\/\/judetulmeuilfov.com\/index.php\/wp-json\/wp\/v2\/posts\/1264","targetHints":{"allow":["GET"]}}],"collection":[{"href":"https:\/\/judetulmeuilfov.com\/index.php\/wp-json\/wp\/v2\/posts"}],"about":[{"href":"https:\/\/judetulmeuilfov.com\/index.php\/wp-json\/wp\/v2\/types\/post"}],"author":[{"embeddable":true,"href":"https:\/\/judetulmeuilfov.com\/index.php\/wp-json\/wp\/v2\/users\/1"}],"replies":[{"embeddable":true,"href":"https:\/\/judetulmeuilfov.com\/index.php\/wp-json\/wp\/v2\/comments?post=1264"}],"version-history":[{"count":1,"href":"https:\/\/judetulmeuilfov.com\/index.php\/wp-json\/wp\/v2\/posts\/1264\/revisions"}],"predecessor-version":[{"id":1267,"href":"https:\/\/judetulmeuilfov.com\/index.php\/wp-json\/wp\/v2\/posts\/1264\/revisions\/1267"}],"wp:featuredmedia":[{"embeddable":true,"href":"https:\/\/judetulmeuilfov.com\/index.php\/wp-json\/wp\/v2\/media\/1265"}],"wp:attachment":[{"href":"https:\/\/judetulmeuilfov.com\/index.php\/wp-json\/wp\/v2\/media?parent=1264"}],"wp:term":[{"taxonomy":"category","embeddable":true,"href":"https:\/\/judetulmeuilfov.com\/index.php\/wp-json\/wp\/v2\/categories?post=1264"},{"taxonomy":"post_tag","embeddable":true,"href":"https:\/\/judetulmeuilfov.com\/index.php\/wp-json\/wp\/v2\/tags?post=1264"}],"curies":[{"name":"wp","href":"https:\/\/api.w.org\/{rel}","templated":true}]}}