{"id":1039,"date":"2023-01-31T07:54:02","date_gmt":"2023-01-31T07:54:02","guid":{"rendered":"https:\/\/judetulmeuilfov.com\/?p=1039"},"modified":"2023-02-07T07:54:27","modified_gmt":"2023-02-07T07:54:27","slug":"iarna-in-domnesti","status":"publish","type":"post","link":"https:\/\/judetulmeuilfov.com\/index.php\/2023\/01\/31\/iarna-in-domnesti\/","title":{"rendered":"Iarna \u00een Domne\u0219ti"},"content":{"rendered":"\n<p><br>Anul acesta iarna s-a instalat mai t\u00e2rziu ca de obicei \u0219i am avut parte de prima ninsoare, motiv de bucurie pentru mul\u021bi dintre noi, fiind din ce \u00een ce mai rar\u0103 \u00een ultimii ani.<br>Sub atenta monitorizare a pre\u0219edintelui Consiliului Jude\u021bean Ilfov, Hubert Thuma, drumurile jude\u021bene au fost cur\u0103\u021bate permanent pentru ca circulatia s\u0103 se desf\u0103\u0219oare \u00een condi\u021bii de siguran\u021b\u0103! \u0218i \u00een comuna Domne\u0219ti au ac\u021bionat utilajele de desz\u0103pezire \u00eenc\u0103 din timpul nop\u021bii pentru ca cet\u0103\u021benii s\u0103 circule civilizat.<br>Administra\u021bia local\u0103 s-a ocupat permanent de cur\u0103\u021barea str\u0103zilor adiacente celei jude\u021bene.<\/p>\n","protected":false},"excerpt":{"rendered":"<p>Anul acesta iarna s-a instalat mai t\u00e2rziu ca de obicei \u0219i am avut parte de prima ninsoare, motiv de bucurie<\/p>\n","protected":false},"author":1,"featured_media":1040,"comment_status":"open","ping_status":"open","sticky":false,"template":"","format":"standard","meta":{"om_disable_all_campaigns":false,"_monsterinsights_skip_tracking":false,"_monsterinsights_sitenote_active":false,"_monsterinsights_sitenote_note":"","_monsterinsights_sitenote_category":0,"footnotes":""},"categories":[9],"tags":[],"class_list":["post-1039","post","type-post","status-publish","format-standard","has-post-thumbnail","hentry","category-administratie"],"_links":{"self":[{"href":"https:\/\/judetulmeuilfov.com\/index.php\/wp-json\/wp\/v2\/posts\/1039","targetHints":{"allow":["GET"]}}],"collection":[{"href":"https:\/\/judetulmeuilfov.com\/index.php\/wp-json\/wp\/v2\/posts"}],"about":[{"href":"https:\/\/judetulmeuilfov.com\/index.php\/wp-json\/wp\/v2\/types\/post"}],"author":[{"embeddable":true,"href":"https:\/\/judetulmeuilfov.com\/index.php\/wp-json\/wp\/v2\/users\/1"}],"replies":[{"embeddable":true,"href":"https:\/\/judetulmeuilfov.com\/index.php\/wp-json\/wp\/v2\/comments?post=1039"}],"version-history":[{"count":1,"href":"https:\/\/judetulmeuilfov.com\/index.php\/wp-json\/wp\/v2\/posts\/1039\/revisions"}],"predecessor-version":[{"id":1041,"href":"https:\/\/judetulmeuilfov.com\/index.php\/wp-json\/wp\/v2\/posts\/1039\/revisions\/1041"}],"wp:featuredmedia":[{"embeddable":true,"href":"https:\/\/judetulmeuilfov.com\/index.php\/wp-json\/wp\/v2\/media\/1040"}],"wp:attachment":[{"href":"https:\/\/judetulmeuilfov.com\/index.php\/wp-json\/wp\/v2\/media?parent=1039"}],"wp:term":[{"taxonomy":"category","embeddable":true,"href":"https:\/\/judetulmeuilfov.com\/index.php\/wp-json\/wp\/v2\/categories?post=1039"},{"taxonomy":"post_tag","embeddable":true,"href":"https:\/\/judetulmeuilfov.com\/index.php\/wp-json\/wp\/v2\/tags?post=1039"}],"curies":[{"name":"wp","href":"https:\/\/api.w.org\/{rel}","templated":true}]}}